{"id":36634,"date":"2017-11-28T14:52:22","date_gmt":"2017-11-28T16:52:22","guid":{"rendered":"http:\/\/catolicanet.net\/wp-cnet\/?p=36634"},"modified":"2017-11-29T09:23:31","modified_gmt":"2017-11-29T11:23:31","slug":"instituto-gabi-pede-ajuda-para-contar-a-sua-historia","status":"publish","type":"post","link":"https:\/\/catolicanet.net\/wp-cnet\/instituto-gabi-pede-ajuda-para-contar-a-sua-historia\/","title":{"rendered":"Instituto Gabi pede ajuda para contar a sua hist\u00f3ria"},"content":{"rendered":"<p>Ong cria campanha de financiamento coletivo para produzir um livro. \u201cNosso desejo \u00e9 registrar este legado constru\u00eddo com muita dor e supera\u00e7\u00e3o\u201d, diz o presidente e fundador do Gabi, Francisco Sogari<\/p>\n<p>S\u00e3o Paulo, 22 de novembro de 2017 \u2013 O Instituto Gabi, N\u00facleo de Apoio \u00e0 Inclus\u00e3o da Pessoa com Defici\u00eancia, localizado na zona Sul de S\u00e3o Paulo, celebrar\u00e1, em 2018, 17 anos de atendimento a crian\u00e7as, adolescentes e jovens com defici\u00eancia. \u201c\u00c9 um legado constru\u00eddo com muita dor e supera\u00e7\u00e3o\u201d, resume o fundador e presidente da ong, Francisco Sogari.<br \/>\nUma das metas para o pr\u00f3ximo ano \u00e9 registrar esta trajet\u00f3ria em um livro. \u201cO Instituto Gabi \u00e9 fonte de pesquisa de institui\u00e7\u00f5es de ensino, grupos de estudos e da pr\u00f3pria m\u00eddia. Resgatar esta hist\u00f3ria, por meio de um livro, ajudar\u00e1 muito neste sentido, al\u00e9m de servir como mem\u00f3ria de tudo o que fizemos at\u00e9 aqui\u201d, explica o presidente.<br \/>\nO livro sobre os 17 anos do Instituto Gabi tornar\u00e1 mais vis\u00edvel o movimento de qualidade pela inclus\u00e3o social e contribuir\u00e1 para a constru\u00e7\u00e3o de uma politica p\u00fablica para o atendimento da pessoa com defici\u00eancia.\u00a0 O pano de fundo \u00e9 o protagonismo das pessoas com defici\u00eancia na din\u00e2mica de inclus\u00e3o, resgatando suas hist\u00f3ria de vida e de suas fam\u00edlias, mostrando como se d\u00e1 este processo. De acordo com Sogari, o objetivo \u00e9 oferecer para a comunidade &#8211; de modo especial, para as fam\u00edlias de pessoas com pessoas com defici\u00eancia &#8211; um subs\u00eddio din\u00e2mico e \u00fatil para o seu dia a dia.<br \/>\nO texto do livro est\u00e1 quase pronto, mas faltam recursos para a edi\u00e7\u00e3o e impress\u00e3o. Por isto, a ong criou uma campanha de financiamento colaborativo por meio da qual pretende arrecadar a quantia necess\u00e1ria para concretizar o projeto. \u201c\u00c9 uma campanha flex\u00edvel que receber\u00e1 contribui\u00e7\u00f5es at\u00e9 o dia 14 de janeiro de 2018. Contamos com a ajuda de todos para tornar mais este sonho realidade\u201d, diz Sogari.<br \/>\nDoa\u00e7\u00f5es para a campanha do Gabi poder\u00e3o ser feitas por meio da plataforma Kickante:\u00a0 https:\/\/www.kickante.com.br\/campanhas\/livro-sobre-17-anos-do-instituto-gabi . Mais informa\u00e7\u00f5es podem ser obtidas pelos telefones (11) 5564-7709 ou 5563-1566.<br \/>\nSobre o Instituto Gabi<br \/>\nO Instituto Gabi \u00e9 uma ong que se mant\u00e9m gra\u00e7as a conv\u00eanios p\u00fablicos, sendo o principal o N\u00facleo de Inclus\u00e3o da Pessoa com Defici\u00eancia da Prefeitura de S\u00e3o Paulo. H\u00e1 outros projetos patrocinados por empresas, doa\u00e7\u00f5es e recursos angariados por meio de eventos, bazares, Nota Fiscal Paulista e a campanha s\u00f3cio-patrocinador, al\u00e9m de seu bazar permanente de artigos novos e seminovos. Festas e eventos tamb\u00e9m s\u00e3o realizados durante todo o ano, para que novas a\u00e7\u00f5es possam ser conquistadas pela ong. \u201cPoder\u00edamos realizar mais projetos se o bazar rendesse mais e se tiv\u00e9ssemos mais apoio financeiro\u201d, comenta o presidente da ong.<br \/>\nO Instituto Gabi \u00e9 refer\u00eancia de qualidade em seu campo de atua\u00e7\u00e3o. Recentemente, adquiriu uma casa, que \u00e9 a Sede Administrativa e Multidisciplinar, qualificando e ampliando o atendimento. Tem transformado vidas de muitas crian\u00e7as, adolescentes e jovens com defici\u00eancia, que j\u00e1 se sentem mais inclu\u00eddos na sociedade. \u201cA Ong apoia tamb\u00e9m as fam\u00edlias dos atendidos, informando, orientando e as ajudando a lutar pelos seus direitos. N\u00e3o queremos ser apenas um simples local de atendimento, mas contribuir para o empoderamento das fam\u00edlias que tem pessoas com defici\u00eancia\u201d, enfatiza o presidente, Francisco Sogari. Para ele, com a nova casa, o esfor\u00e7o para manter os trabalhos deve ser ainda maior, uma vez que o Instituto Gabi tem de ser devidamente sustent\u00e1vel \u2013 o que exige recursos.<br \/>\nEndere\u00e7o:<br \/>\nN\u00facleo de Apoio \u00c0 Inclus\u00e3o: Rua Gustavo da Silveira, 128 \u2013 Vila Santa Catarina \u2013 S\u00e3o Paulo (SP).<br \/>\nSede Administrativa e Multidisciplinar: Rua Palacete das \u00c1guias, 753 \u2013 Vila Alexandria (SP).<\/p>\n<p>Informa\u00e7\u00f5es para a Imprensa:<br \/>\nEm Pauta Comunica\u00e7\u00e3o<br \/>\n(11) 3567-7854 \/ 3567-7855<br \/>\nCristina Thomaz \u2013 (11) 99666-5932 \/ 94730-6616 \u2013 ID 35*2*86267 \u2013<a href=\"mailto:cristina@empautacomunicacao.com.br\">cristina@empautacomunicacao.com.br<\/a><br \/>\nSimone Valente \u2013 (11) 97666-7022 \u2013\u00a0<a href=\"mailto:simone@empautacomunicacao.com.br\">simone@empautacomunicacao.com.br<\/a><\/p>\n<p>Fonte: Instituto Gabi<\/p>\n","protected":false},"excerpt":{"rendered":"<p>Ong cria campanha de financiamento coletivo para produzir um livro. \u201cNosso desejo \u00e9 registrar este legado constru\u00eddo com muita dor e supera\u00e7\u00e3o\u201d, diz o presidente e fundador do Gabi, Francisco Sogari S\u00e3o Paulo, 22 de novembro de 2017 \u2013 O Instituto Gabi, N\u00facleo de Apoio \u00e0 Inclus\u00e3o da Pessoa com Defici\u00eancia, localizado na zona Sul [&hellip;]<\/p>\n","protected":false},"author":1,"featured_media":36635,"comment_status":"open","ping_status":"closed","sticky":false,"template":"","format":"standard","meta":{"footnotes":""},"categories":[4],"tags":[],"class_list":["post-36634","post","type-post","status-publish","format-standard","has-post-thumbnail","hentry","category-cotidiano"],"_links":{"self":[{"href":"https:\/\/catolicanet.net\/wp-cnet\/wp-json\/wp\/v2\/posts\/36634","targetHints":{"allow":["GET"]}}],"collection":[{"href":"https:\/\/catolicanet.net\/wp-cnet\/wp-json\/wp\/v2\/posts"}],"about":[{"href":"https:\/\/catolicanet.net\/wp-cnet\/wp-json\/wp\/v2\/types\/post"}],"author":[{"embeddable":true,"href":"https:\/\/catolicanet.net\/wp-cnet\/wp-json\/wp\/v2\/users\/1"}],"replies":[{"embeddable":true,"href":"https:\/\/catolicanet.net\/wp-cnet\/wp-json\/wp\/v2\/comments?post=36634"}],"version-history":[{"count":1,"href":"https:\/\/catolicanet.net\/wp-cnet\/wp-json\/wp\/v2\/posts\/36634\/revisions"}],"predecessor-version":[{"id":36636,"href":"https:\/\/catolicanet.net\/wp-cnet\/wp-json\/wp\/v2\/posts\/36634\/revisions\/36636"}],"wp:featuredmedia":[{"embeddable":true,"href":"https:\/\/catolicanet.net\/wp-cnet\/wp-json\/wp\/v2\/media\/36635"}],"wp:attachment":[{"href":"https:\/\/catolicanet.net\/wp-cnet\/wp-json\/wp\/v2\/media?parent=36634"}],"wp:term":[{"taxonomy":"category","embeddable":true,"href":"https:\/\/catolicanet.net\/wp-cnet\/wp-json\/wp\/v2\/categories?post=36634"},{"taxonomy":"post_tag","embeddable":true,"href":"https:\/\/catolicanet.net\/wp-cnet\/wp-json\/wp\/v2\/tags?post=36634"}],"curies":[{"name":"wp","href":"https:\/\/api.w.org\/{rel}","templated":true}]}}