{"id":36631,"date":"2017-11-28T14:34:34","date_gmt":"2017-11-28T16:34:34","guid":{"rendered":"http:\/\/catolicanet.net\/wp-cnet\/?p=36631"},"modified":"2017-11-29T09:20:33","modified_gmt":"2017-11-29T11:20:33","slug":"de-sao-joao-paulo-ii-ao-papa-francisco-o-que-a-igreja-ensina-sobre-o-uso-da-internet","status":"publish","type":"post","link":"https:\/\/catolicanet.net\/wp-cnet\/de-sao-joao-paulo-ii-ao-papa-francisco-o-que-a-igreja-ensina-sobre-o-uso-da-internet\/","title":{"rendered":"De S\u00e3o Jo\u00e3o Paulo II ao Papa Francisco, o que a Igreja ensina sobre o uso da Internet?"},"content":{"rendered":"<p>Desde a sua divulga\u00e7\u00e3o massiva na d\u00e9cada de 90, a Internet tem sido objeto de debates sobre seu uso e repercuss\u00e3o como meio de comunica\u00e7\u00e3o; discuss\u00e3o que n\u00e3o \u00e9 alheia \u00e0 Igreja, que v\u00ea esta ferramenta como \u201cum novo foro para a proclama\u00e7\u00e3o do Evangelho\u201d.<\/p>\n<p>Nesse sentido, levando em considera\u00e7\u00e3o que no dia 26 de novembro \u00e9 recordado o Beato James Alberione, padroeiro da Internet, publicamos trechos dos ensinamentos da Igreja atrav\u00e9s dos tr\u00eas pont\u00edfices que a guiaram desde o surgimento da internet.<\/p>\n<p>Novas formas de evangeliza\u00e7\u00e3o<\/p>\n<p>Embora a id\u00e9ia de uma rede interconectada de computadores tenha nascido com um prop\u00f3sito militar durante a Guerra Fria, ap\u00f3s o desaparecimento da Uni\u00e3o Sovi\u00e9tica e em boa parte dos regimes comunistas a rede come\u00e7ou a ser usada publicamente; tudo isso ocorreu durante o pontificado de S\u00e3o Jo\u00e3o Paulo II.<\/p>\n<p>Nesse sentido, foi o Papa polon\u00eas viu esta nova ferramenta como &#8220;um novo foro para a proclama\u00e7\u00e3o do Evangelho&#8221;, como indicou em sua mensagem para o 36\u00ba Dia Mundial das Comunica\u00e7\u00f5es em 2002.<\/p>\n<p>S\u00e3o Jo\u00e3o Paulo II recordou que, ao longo da hist\u00f3ria da evangeliza\u00e7\u00e3o, a Igreja \u201cteve de ultrapassar tamb\u00e9m muitos confins culturais\u201d, cada um dos quais exigiu renovadas energia e imagina\u00e7\u00e3o, como ocorreu \u201cna \u00e9poca das grandes descobertas, a Renascen\u00e7a e a inven\u00e7\u00e3o da imprensa, a Revolu\u00e7\u00e3o Industrial e o nascimento do novo mundo\u201d.<\/p>\n<p>Nesse sentido, indicou que a mesma coisa acontece com o surgimento da Internet, \u201cum novo \u2018foro\u2019\u201d e uma nova fronteira dos outros tempos, tamb\u00e9m esta est\u00e1 \u201ccheia da liga\u00e7\u00e3o entre perigos e promessas\u201d.<\/p>\n<p>&#8220;Embora a Internet nunca possa substituir aquela profunda experi\u00eancia de Deus, que s\u00f3 a vida concreta, lit\u00fargica e sacramental da Igreja pode oferecer, ela pode certamente contribuir com um suplemento e um apoio singulares, tanto preparando para o encontro com Cristo na comunidade, como ajudando o novo crente na caminhada de f\u00e9, que ent\u00e3o tem in\u00edcio\u201d, assinalou S\u00e3o Jo\u00e3o Paulo II.<\/p>\n<p>Um apelo \u00e0 gera\u00e7\u00e3o digital<\/p>\n<p>Depois de assumir a miss\u00e3o de Sucessor de Pedro em 2005, Bento XVI demonstrou que n\u00e3o est\u00e1 longe da nova realidade no mundo das comunica\u00e7\u00f5es e em 12 de dezembro de 2012, lan\u00e7ou a conta oficial do Twitter @pontifex, atrav\u00e9s da qual ele colocou o papado no mundo das redes sociais.<\/p>\n<p>Al\u00e9m disso, tr\u00eas anos antes, em sua mensagem para o 43\u00ba Dia Mundial das Comunica\u00e7\u00f5es Sociais, o ent\u00e3o Pont\u00edfice assegurou que as novas tecnologias s\u00e3o &#8220;um dom&#8221; e incentivou os jovens, &#8220;a gera\u00e7\u00e3o digital&#8221;, a fazer um bom uso dela a fim de promover uma cultura do encontro e anunciar o Senhor Jesus.<\/p>\n<p>Tamb\u00e9m se dirigiu aos criadores de conte\u00fados. Indicou que \u201cse as novas tecnologias devem servir o bem dos indiv\u00edduos e da sociedade, aqueles que as usam devem evitar compartilhar palavras e imagens degradantes para o ser humano e, portanto, excluir o que causa \u00f3dio e intoler\u00e2ncia, degrada a beleza e a intimidade da sexualidade humana, ou o que explora os fracos e indefesos\u201d.<\/p>\n<p>Bento XVI convidou os jovens cat\u00f3licos a \u201clevar ao mundo digital o testemunho da sua f\u00e9&#8221;, especialmente aos seus coet\u00e2neos, porque &#8220;voc\u00eas conhecem os seus temores e as suas esperan\u00e7as, seus entusiasmos e suas desilus\u00f5es&#8221;.<\/p>\n<p>Um dom de Deus<\/p>\n<p>Assim, seguindo o caminho tra\u00e7ado pelos seus predecessores, o Papa Francisco mencionou a realidade da internet em sua mensagem do 48\u00ba Dia Mundial das Comunica\u00e7\u00f5es em 2014, ressaltando que a \u201ca internet pode oferecer maiores possibilidades de encontro e de solidariedade entre todos; e isto \u00e9 uma coisa boa, \u00e9 um dom de Deus\u201d.<\/p>\n<p>Um ano antes, ao receber os participantes da Assembleia Plen\u00e1ria do Pontif\u00edcio Conselho para os Leigos, Francisco explicou que \u00e9 preciso aprender a discernir \u201centre as oportunidades e os perigos da rede\u201d para \u201cconduzir os homens ao rosto luminoso do Senhor\u201d.<\/p>\n<p>Nesse sentido, assegurou que a presen\u00e7a da Igreja na rede \u00e9 indispens\u00e1vel, sempre com estilo evang\u00e9lico, \u201cpara despertar as perguntas incessantes do cora\u00e7\u00e3o sobre o sentido da exist\u00eancia e indicar o caminho que conduz \u00c0quele que \u00e9 a resposta, a Divina Miseric\u00f3rdia feita homem, o Senhor Jesus\u201d.<\/p>\n<p>&nbsp;<\/p>\n<p>Fonte: Acidigtal<\/p>\n","protected":false},"excerpt":{"rendered":"<p>Desde a sua divulga\u00e7\u00e3o massiva na d\u00e9cada de 90, a Internet tem sido objeto de debates sobre seu uso e repercuss\u00e3o como meio de comunica\u00e7\u00e3o; discuss\u00e3o que n\u00e3o \u00e9 alheia \u00e0 Igreja, que v\u00ea esta ferramenta como \u201cum novo foro para a proclama\u00e7\u00e3o do Evangelho\u201d. Nesse sentido, levando em considera\u00e7\u00e3o que no dia 26 de [&hellip;]<\/p>\n","protected":false},"author":1,"featured_media":36632,"comment_status":"open","ping_status":"closed","sticky":false,"template":"","format":"standard","meta":{"footnotes":""},"categories":[4],"tags":[],"class_list":["post-36631","post","type-post","status-publish","format-standard","has-post-thumbnail","hentry","category-cotidiano"],"_links":{"self":[{"href":"https:\/\/catolicanet.net\/wp-cnet\/wp-json\/wp\/v2\/posts\/36631","targetHints":{"allow":["GET"]}}],"collection":[{"href":"https:\/\/catolicanet.net\/wp-cnet\/wp-json\/wp\/v2\/posts"}],"about":[{"href":"https:\/\/catolicanet.net\/wp-cnet\/wp-json\/wp\/v2\/types\/post"}],"author":[{"embeddable":true,"href":"https:\/\/catolicanet.net\/wp-cnet\/wp-json\/wp\/v2\/users\/1"}],"replies":[{"embeddable":true,"href":"https:\/\/catolicanet.net\/wp-cnet\/wp-json\/wp\/v2\/comments?post=36631"}],"version-history":[{"count":1,"href":"https:\/\/catolicanet.net\/wp-cnet\/wp-json\/wp\/v2\/posts\/36631\/revisions"}],"predecessor-version":[{"id":36633,"href":"https:\/\/catolicanet.net\/wp-cnet\/wp-json\/wp\/v2\/posts\/36631\/revisions\/36633"}],"wp:featuredmedia":[{"embeddable":true,"href":"https:\/\/catolicanet.net\/wp-cnet\/wp-json\/wp\/v2\/media\/36632"}],"wp:attachment":[{"href":"https:\/\/catolicanet.net\/wp-cnet\/wp-json\/wp\/v2\/media?parent=36631"}],"wp:term":[{"taxonomy":"category","embeddable":true,"href":"https:\/\/catolicanet.net\/wp-cnet\/wp-json\/wp\/v2\/categories?post=36631"},{"taxonomy":"post_tag","embeddable":true,"href":"https:\/\/catolicanet.net\/wp-cnet\/wp-json\/wp\/v2\/tags?post=36631"}],"curies":[{"name":"wp","href":"https:\/\/api.w.org\/{rel}","templated":true}]}}