{"id":36628,"date":"2017-11-28T13:59:37","date_gmt":"2017-11-28T15:59:37","guid":{"rendered":"http:\/\/catolicanet.net\/wp-cnet\/?p=36628"},"modified":"2017-11-29T09:17:22","modified_gmt":"2017-11-29T11:17:22","slug":"papa-compromisso-com-a-justica-e-respeito-pelos-direitos-humanos","status":"publish","type":"post","link":"https:\/\/catolicanet.net\/wp-cnet\/papa-compromisso-com-a-justica-e-respeito-pelos-direitos-humanos\/","title":{"rendered":"Papa: compromisso com a justi\u00e7a e respeito pelos direitos humanos"},"content":{"rendered":"<p>Nay Pyi Taw (RV) &#8211; \u201cVenho sobretudo para rezar com a pequena mas fervorosa comunidade cat\u00f3lica da na\u00e7\u00e3o, para confirmar na f\u00e9 e encoraj\u00e1-la no esfor\u00e7o de contribuir para o bem da na\u00e7\u00e3o.\u201d Com essas palavras j\u00e1 no in\u00edcio de seu discurso \u2013 o primeiro em terras birmanesas \u2013, o Papa Francisco descreveu o objetivo prec\u00edpuo desta sua viagem apost\u00f3lica internacional a Mianmar.<\/p>\n<p>&nbsp;<\/p>\n<p><a href=\"http:\/\/media02.radiovaticana.va\/audio\/audio2\/mp3\/00604244.mp3\">Clique aqui para ouvir:<\/a><\/p>\n<p>&nbsp;<\/p>\n<p>No encontro com as autoridades, a sociedade civil e o Corpo diplom\u00e1tico \u2013 ap\u00f3s a cerim\u00f4nia de boas-vindas e visita de cortesia ao presidente da na\u00e7\u00e3o \u2013, na capital Nay Pyi Taw, o Santo Padre ressaltou sua satisfa\u00e7\u00e3o ao visitar o pa\u00eds depois do estabelecimento formal das rela\u00e7\u00f5es diplom\u00e1ticas entre Mianmar e Santa S\u00e9 e o esfor\u00e7o do estado do sudeste asi\u00e1tico na prossecu\u00e7\u00e3o do di\u00e1logo e da coopera\u00e7\u00e3o construtiva dentro da comunidade internacional.<\/p>\n<p>&nbsp;<\/p>\n<p><a href=\"https:\/\/www.youtube.com\/watch?v=TbfKGlt_J3c\">Clique aqui para assistir o v\u00eddeo:<\/a><\/p>\n<p>&nbsp;<\/p>\n<p>\u201cGostaria tamb\u00e9m que a minha visita pudesse atingir toda a popula\u00e7\u00e3o de Mianmar e oferecer uma palavra de encorajamento a todos aqueles que est\u00e3o trabalhando para construir uma ordem social justa, reconciliada e inclusiva\u201d, disse o Pont\u00edfice.<\/p>\n<p>Reconhecendo a beleza extraordin\u00e1ria e numerosos recursos naturais do pa\u00eds, Francisco ressaltou que seu maior tesouro contudo \u00e9, sem d\u00favida, \u201co seu povo, que sofreu muito e continua sofrendo por causa de conflitos civis e hostilidades que duraram muito tempo e criaram profundas divis\u00f5es\u201d.<\/p>\n<p>\u201cUma vez que agora a na\u00e7\u00e3o est\u00e1 trabalhando para restaurar a paz, a cura destas feridas n\u00e3o pode deixar de ser uma prioridade pol\u00edtica e espiritual fundamental\u201d, acrescentou.<\/p>\n<p>\u201cCom efeito, o \u00e1rduo processo de constru\u00e7\u00e3o da paz e reconcilia\u00e7\u00e3o nacional s\u00f3 pode avan\u00e7ar atrav\u00e9s do compromisso com a justi\u00e7a e do respeito pelos direitos humanos. A sabedoria dos antigos definiu a justi\u00e7a como a vontade de reconhecer a cada um aquilo que lhe \u00e9 devido, enquanto os antigos profetas a consideraram como o fundamento da paz verdadeira e duradoura.\u201d<\/p>\n<p>\u201cEstas intui\u00e7\u00f5es, confirmadas pela tr\u00e1gica experi\u00eancia de duas guerras mundiais, levaram \u00e0 cria\u00e7\u00e3o das Na\u00e7\u00f5es Unidas e \u00e0 Declara\u00e7\u00e3o Universal dos Direitos Humanos como base dos esfor\u00e7os da comunidade internacional para promover a justi\u00e7a, a paz e o progresso humano em todo o mundo e para resolver os conflitos atrav\u00e9s do di\u00e1logo, e n\u00e3o com o uso da for\u00e7a\u201d, acrescentou.<\/p>\n<p>\u201cO futuro de Mianmar deve ser a paz, uma paz fundada no respeito pela dignidade e os direitos de cada membro da sociedade, no respeito por cada grupo \u00e9tnico e sua identidade, no respeito pelo Estado de Direito e uma ordem democr\u00e1tica que permita a cada um dos indiv\u00edduos e a todos os grupos \u2013 sem excluir nenhum \u2013 oferecer a sua leg\u00edtima contribui\u00e7\u00e3o para o bem comum.\u201d<\/p>\n<p>A este ponto de seu discurso, o Santo Padre chamou a aten\u00e7\u00e3o para o papel privilegiado que as comunidades religiosas t\u00eam a desempenhar no imenso trabalho de reconcilia\u00e7\u00e3o nacional.<\/p>\n<p>\u201cAs diferen\u00e7as religiosas n\u00e3o devem ser fonte de divis\u00e3o e desconfian\u00e7a, mas sim uma for\u00e7a em prol da unidade, do perd\u00e3o, da toler\u00e2ncia e da s\u00e1bia constru\u00e7\u00e3o da na\u00e7\u00e3o. As religi\u00f5es podem desempenhar um papel significativo na cura das feridas emocionais, espirituais e psicol\u00f3gicas daqueles que sofreram nos anos de conflito. Impregnando-se de tais valores profundamente enraizados, elas podem ajudar a extirpar as causas do conflito, construir pontes de di\u00e1logo, procurar a justi\u00e7a e ser uma voz prof\u00e9tica para as pessoas que sofrem.\u201d<\/p>\n<p>\u00c9 um grande sinal de esperan\u00e7a o fato de que os l\u00edderes das v\u00e1rias tradi\u00e7\u00f5es religiosas deste pa\u00eds se estejam comprometendo a trabalhar juntos, com esp\u00edrito de harmonia e respeito m\u00fatuo, pela paz, pela ajuda aos pobres e pela educa\u00e7\u00e3o nos valores religiosos e humanos aut\u00eanticos, continuou Francisco.<\/p>\n<p>Em seguida, o Papa voltou seu pensamento para os jovens da na\u00e7\u00e3o qual dom a ser estimado e encorajado, \u201cum investimento que s\u00f3 produzir\u00e1 um bom rendimento na base de oportunidades reais de emprego e duma educa\u00e7\u00e3o de qualidade\u201d.<\/p>\n<p>Francisco insistiu que o futuro do pa\u00eds depender\u00e1 da forma\u00e7\u00e3o dos seus jovens, \u201cn\u00e3o s\u00f3 nos campos t\u00e9cnicos, mas sobretudo na forma\u00e7\u00e3o para os valores \u00e9ticos de honestidade, integridade e solidariedade humanas\u201d, frisou.<\/p>\n<p>O Papa concluiu seu primeiro discurso em Mianmar com um encorajamento \u00e0 pequena comunidade cat\u00f3lica evocando um papel importante tamb\u00e9m para ela nesta nova fase hist\u00f3rica do pa\u00eds do sudeste asi\u00e1tico:<\/p>\n<p>\u201cNestes dias, quero encorajar os meus irm\u00e3os e irm\u00e3s cat\u00f3licos a perseverar na sua f\u00e9 e a continuar a expressar a sua mensagem de reconcilia\u00e7\u00e3o e fraternidade atrav\u00e9s de obras caritativas e humanit\u00e1rias, de que toda a sociedade possa beneficiar. Espero que, na respeitosa coopera\u00e7\u00e3o com os seguidores de outras religi\u00f5es e com todos os homens e mulheres de boa vontade, contribuam para abrir uma nova era de conc\u00f3rdia e progresso para os povos desta amada na\u00e7\u00e3o.\u201d<\/p>\n<p>&nbsp;<\/p>\n<p>Fonte: R\u00e1dio Vaticano<\/p>\n","protected":false},"excerpt":{"rendered":"<p>Nay Pyi Taw (RV) &#8211; \u201cVenho sobretudo para rezar com a pequena mas fervorosa comunidade cat\u00f3lica da na\u00e7\u00e3o, para confirmar na f\u00e9 e encoraj\u00e1-la no esfor\u00e7o de contribuir para o bem da na\u00e7\u00e3o.\u201d Com essas palavras j\u00e1 no in\u00edcio de seu discurso \u2013 o primeiro em terras birmanesas \u2013, o Papa Francisco descreveu o objetivo [&hellip;]<\/p>\n","protected":false},"author":1,"featured_media":36629,"comment_status":"open","ping_status":"closed","sticky":false,"template":"","format":"standard","meta":{"footnotes":""},"categories":[3],"tags":[],"class_list":["post-36628","post","type-post","status-publish","format-standard","has-post-thumbnail","hentry","category-vaticano"],"_links":{"self":[{"href":"https:\/\/catolicanet.net\/wp-cnet\/wp-json\/wp\/v2\/posts\/36628","targetHints":{"allow":["GET"]}}],"collection":[{"href":"https:\/\/catolicanet.net\/wp-cnet\/wp-json\/wp\/v2\/posts"}],"about":[{"href":"https:\/\/catolicanet.net\/wp-cnet\/wp-json\/wp\/v2\/types\/post"}],"author":[{"embeddable":true,"href":"https:\/\/catolicanet.net\/wp-cnet\/wp-json\/wp\/v2\/users\/1"}],"replies":[{"embeddable":true,"href":"https:\/\/catolicanet.net\/wp-cnet\/wp-json\/wp\/v2\/comments?post=36628"}],"version-history":[{"count":1,"href":"https:\/\/catolicanet.net\/wp-cnet\/wp-json\/wp\/v2\/posts\/36628\/revisions"}],"predecessor-version":[{"id":36630,"href":"https:\/\/catolicanet.net\/wp-cnet\/wp-json\/wp\/v2\/posts\/36628\/revisions\/36630"}],"wp:featuredmedia":[{"embeddable":true,"href":"https:\/\/catolicanet.net\/wp-cnet\/wp-json\/wp\/v2\/media\/36629"}],"wp:attachment":[{"href":"https:\/\/catolicanet.net\/wp-cnet\/wp-json\/wp\/v2\/media?parent=36628"}],"wp:term":[{"taxonomy":"category","embeddable":true,"href":"https:\/\/catolicanet.net\/wp-cnet\/wp-json\/wp\/v2\/categories?post=36628"},{"taxonomy":"post_tag","embeddable":true,"href":"https:\/\/catolicanet.net\/wp-cnet\/wp-json\/wp\/v2\/tags?post=36628"}],"curies":[{"name":"wp","href":"https:\/\/api.w.org\/{rel}","templated":true}]}}