{"id":36625,"date":"2017-11-28T13:53:36","date_gmt":"2017-11-28T15:53:36","guid":{"rendered":"http:\/\/catolicanet.net\/wp-cnet\/?p=36625"},"modified":"2017-11-29T09:14:51","modified_gmt":"2017-11-29T11:14:51","slug":"papa-francisco-envia-saudacao-ao-ano-do-laicato-no-brasil","status":"publish","type":"post","link":"https:\/\/catolicanet.net\/wp-cnet\/papa-francisco-envia-saudacao-ao-ano-do-laicato-no-brasil\/","title":{"rendered":"Papa Francisco envia sauda\u00e7\u00e3o ao Ano do Laicato no Brasil"},"content":{"rendered":"<p>O papa Francisco enviou \u00e0 Igreja do Brasil, dia 15 de novembro, por meio do cardeal Pietro Parolin, secret\u00e1rio de Estado do Vaticano, uma sauda\u00e7\u00e3o por ocasi\u00e3o da abertura do Ano Nacional do Laicato, no domingo (26\/11).<\/p>\n<p>Nesse momento particular da hist\u00f3ria do Brasil, o documento afirma que \u00e9 preciso que os crist\u00e3os assumam sua responsabilidade de ser o fermento de uma sociedade renovada, onde a corrup\u00e7\u00e3o e a desigualdade d\u00eaem lugar \u00e0 justi\u00e7a e solidariedade.<\/p>\n<p>O documento foi lido na lan\u00e7amento do Ano do Laicato na sede da Confer\u00eancia Nacional dos Bispos do Brasil (CNBB), na abertura da \u00faltima reuni\u00e3o ordin\u00e1ria do Conselho Episcopal Pastoral (Consep) de 2017, na manh\u00e3 desta ter\u00e7a-feira, 28\/11.<\/p>\n<p>Veja, abaixo, o fac simile e no link a \u00edntegra do documento em PDF:\u00a0<a href=\"http:\/\/cnbb.net.br\/wp-content\/uploads\/sites\/32\/2017\/11\/Sauda%C3%A7%C3%A3oVaticano.pdf\">Sauda\u00e7\u00e3oVaticano<\/a><\/p>\n<p>&nbsp;<\/p>\n<p>Fonte: CNBB<\/p>\n","protected":false},"excerpt":{"rendered":"<p>O papa Francisco enviou \u00e0 Igreja do Brasil, dia 15 de novembro, por meio do cardeal Pietro Parolin, secret\u00e1rio de Estado do Vaticano, uma sauda\u00e7\u00e3o por ocasi\u00e3o da abertura do Ano Nacional do Laicato, no domingo (26\/11). Nesse momento particular da hist\u00f3ria do Brasil, o documento afirma que \u00e9 preciso que os crist\u00e3os assumam sua [&hellip;]<\/p>\n","protected":false},"author":1,"featured_media":36626,"comment_status":"open","ping_status":"closed","sticky":false,"template":"","format":"standard","meta":{"footnotes":""},"categories":[7],"tags":[],"class_list":["post-36625","post","type-post","status-publish","format-standard","has-post-thumbnail","hentry","category-cnbb"],"_links":{"self":[{"href":"https:\/\/catolicanet.net\/wp-cnet\/wp-json\/wp\/v2\/posts\/36625","targetHints":{"allow":["GET"]}}],"collection":[{"href":"https:\/\/catolicanet.net\/wp-cnet\/wp-json\/wp\/v2\/posts"}],"about":[{"href":"https:\/\/catolicanet.net\/wp-cnet\/wp-json\/wp\/v2\/types\/post"}],"author":[{"embeddable":true,"href":"https:\/\/catolicanet.net\/wp-cnet\/wp-json\/wp\/v2\/users\/1"}],"replies":[{"embeddable":true,"href":"https:\/\/catolicanet.net\/wp-cnet\/wp-json\/wp\/v2\/comments?post=36625"}],"version-history":[{"count":1,"href":"https:\/\/catolicanet.net\/wp-cnet\/wp-json\/wp\/v2\/posts\/36625\/revisions"}],"predecessor-version":[{"id":36627,"href":"https:\/\/catolicanet.net\/wp-cnet\/wp-json\/wp\/v2\/posts\/36625\/revisions\/36627"}],"wp:featuredmedia":[{"embeddable":true,"href":"https:\/\/catolicanet.net\/wp-cnet\/wp-json\/wp\/v2\/media\/36626"}],"wp:attachment":[{"href":"https:\/\/catolicanet.net\/wp-cnet\/wp-json\/wp\/v2\/media?parent=36625"}],"wp:term":[{"taxonomy":"category","embeddable":true,"href":"https:\/\/catolicanet.net\/wp-cnet\/wp-json\/wp\/v2\/categories?post=36625"},{"taxonomy":"post_tag","embeddable":true,"href":"https:\/\/catolicanet.net\/wp-cnet\/wp-json\/wp\/v2\/tags?post=36625"}],"curies":[{"name":"wp","href":"https:\/\/api.w.org\/{rel}","templated":true}]}}