{"id":3656,"date":"2013-12-10T18:49:33","date_gmt":"2013-12-10T20:49:33","guid":{"rendered":"http:\/\/catolicanet.net\/wp-cnet\/pe-lombardi-recorda-mandela-citando-o-cardeal-martini-pessoa-unica-totalmente-pacificada\/"},"modified":"2017-03-24T13:47:19","modified_gmt":"2017-03-24T16:47:19","slug":"pe-lombardi-recorda-mandela-citando-o-cardeal-martini-pessoa-unica-totalmente-pacificada","status":"publish","type":"post","link":"https:\/\/catolicanet.net\/wp-cnet\/pe-lombardi-recorda-mandela-citando-o-cardeal-martini-pessoa-unica-totalmente-pacificada\/","title":{"rendered":"Pe. Lombardi recorda Mandela citando o Cardeal Martini: pessoa \u00fanica, totalmente pacificada"},"content":{"rendered":"<p style=\"text-align: justify;\"><img decoding=\"async\" src=\"http:\/\/catolicanet.com.br\/images\/stories\/quadrosmandela.jpg\" border=\"0\" align=\"left\" \/>&#8220;No dia das grandes comemora\u00e7\u00f5es dedicadas a Mandela \u2013 afirma o porta-voz vaticano, Pe. Federico Lombardi \u2013, creio que seja justo acrescentar um bel\u00edssimo testemunho sobre ele, dado por uma das personalidades mais autorizadas e amadas pela Igreja dos \u00faltimos tempos&#8221;: o Cardeal Carlo Maria Martini.<\/p>\n<p>O diretor da Sala de Imprensa da Senta S\u00e9 recorda que &#8220;perguntado sobre quem teria sido a pessoa mais especial que encontrara em sua vida&#8221;, o Cardeal Martini respondera: &#8220;Mandela. Porque era o \u00fanico que n\u00e3o tinha sombra de um ressentimento. Um homem totalmente pacificado&#8221;.<\/p>\n<p>Tal afirma\u00e7\u00e3o, informa Pe. Lombardi, foi-lhe referida por Pe. Damiano Modena, que nos \u00faltimos anos de vida do Cardeal Martini foi a pessoa mais pr\u00f3xima e que esteve em rela\u00e7\u00e3o mais cont\u00ednua com o purpurado.<\/p>\n<p style=\"text-align: justify;\">\u00a0<\/p>\n<p style=\"text-align: justify;\"><strong>Local: Cidade do Vaticano<br \/>Fonte: R\u00e1dio Vaticano<\/strong><\/p>\n","protected":false},"excerpt":{"rendered":"<p>&#8220;No dia das grandes comemora\u00e7\u00f5es dedicadas a Mandela \u2013 afirma o porta-voz vaticano, Pe. Federico Lombardi \u2013, creio que seja justo acrescentar um bel\u00edssimo testemunho sobre ele, dado por uma das personalidades mais autorizadas e amadas pela Igreja dos \u00faltimos tempos&#8221;: o Cardeal Carlo Maria Martini. O diretor da Sala de Imprensa da Senta S\u00e9 [&hellip;]<\/p>\n","protected":false},"author":1,"featured_media":0,"comment_status":"closed","ping_status":"closed","sticky":false,"template":"","format":"standard","meta":{"footnotes":""},"categories":[3],"tags":[],"class_list":["post-3656","post","type-post","status-publish","format-standard","hentry","category-vaticano"],"_links":{"self":[{"href":"https:\/\/catolicanet.net\/wp-cnet\/wp-json\/wp\/v2\/posts\/3656","targetHints":{"allow":["GET"]}}],"collection":[{"href":"https:\/\/catolicanet.net\/wp-cnet\/wp-json\/wp\/v2\/posts"}],"about":[{"href":"https:\/\/catolicanet.net\/wp-cnet\/wp-json\/wp\/v2\/types\/post"}],"author":[{"embeddable":true,"href":"https:\/\/catolicanet.net\/wp-cnet\/wp-json\/wp\/v2\/users\/1"}],"replies":[{"embeddable":true,"href":"https:\/\/catolicanet.net\/wp-cnet\/wp-json\/wp\/v2\/comments?post=3656"}],"version-history":[{"count":1,"href":"https:\/\/catolicanet.net\/wp-cnet\/wp-json\/wp\/v2\/posts\/3656\/revisions"}],"predecessor-version":[{"id":7976,"href":"https:\/\/catolicanet.net\/wp-cnet\/wp-json\/wp\/v2\/posts\/3656\/revisions\/7976"}],"wp:attachment":[{"href":"https:\/\/catolicanet.net\/wp-cnet\/wp-json\/wp\/v2\/media?parent=3656"}],"wp:term":[{"taxonomy":"category","embeddable":true,"href":"https:\/\/catolicanet.net\/wp-cnet\/wp-json\/wp\/v2\/categories?post=3656"},{"taxonomy":"post_tag","embeddable":true,"href":"https:\/\/catolicanet.net\/wp-cnet\/wp-json\/wp\/v2\/tags?post=3656"}],"curies":[{"name":"wp","href":"https:\/\/api.w.org\/{rel}","templated":true}]}}