{"id":3654,"date":"2013-12-10T13:39:29","date_gmt":"2013-12-10T15:39:29","guid":{"rendered":"http:\/\/catolicanet.net\/wp-cnet\/retomadas-as-missas-noturnas-no-mexico\/"},"modified":"2017-03-24T13:49:19","modified_gmt":"2017-03-24T16:49:19","slug":"retomadas-as-missas-noturnas-no-mexico","status":"publish","type":"post","link":"https:\/\/catolicanet.net\/wp-cnet\/retomadas-as-missas-noturnas-no-mexico\/","title":{"rendered":"Retomadas as missas noturnas no M\u00e9xico"},"content":{"rendered":"<p style=\"text-align: justify;\">A Diocese de Ciudad Victoria (M\u00e9xico) retomou a celebra\u00e7\u00e3o das Missas noturnas, que haviam sido suspensas em diversas igrejas de centros urbanos por quest\u00e3o de seguran\u00e7a.<\/p>\n<p>De acordo com a Ag\u00eancia Fides, o Bispo da diocese, Dom Antonio Gonz\u00e1lez S\u00e1nchez, explicou que \u201ch\u00e1 cerca de dois anos, as missas noturnas foram suspensas porque as pessoas n\u00e3o as frequentavam. Agora estamos recome\u00e7ando pouco a pouco uma vida mais normal\u201d.<\/p>\n<p>Dom Gonz\u00e1lez S\u00e1nchez destaca que neste per\u00edodo do ano, os paroquianos est\u00e3o demonstrando o mesmo entusiasmo do passado: querem se reunir para organizar as grandes celebra\u00e7\u00f5es que se aproximam, como as \u201cma\u00f1anitas a la Virgen de Guadalupe\u201d, festa que se realiza em todas as igrejas cat\u00f3licas a partir da noite de 11 de dezembro.<\/p>\n<p>\u201cAs pessoas sabem que neste m\u00eas de dezembro temos muitas festas \u2013 prossegue o Bispo -, como os domingos de Advento, in\u00edcio do ano lit\u00fargico, a festividade da Imaculada Concei\u00e7\u00e3o, a festa da Virgem de Guadalupe em 12 de dezembro que, aqui como em muitos lugares do pa\u00eds, come\u00e7a no dia 11; depois, as \u2018posadas\u2019 natalinas de 16 dezembro e as festas da V\u00e9spera de Natal\u201d.<\/p>\n<p>Dom Gonz\u00e1lez S\u00e1nchez exorta os sacerdotes e os fi\u00e9is a serem prudentes nestes tempos dif\u00edceis.<\/p>\n<p style=\"text-align: justify;\">\u00a0<\/p>\n<p style=\"text-align: justify;\"><strong>Local: Ciudad Victoria <br \/>Fonte: R\u00e1dio Vaticano<\/strong><\/p>\n","protected":false},"excerpt":{"rendered":"<p>A Diocese de Ciudad Victoria (M\u00e9xico) retomou a celebra\u00e7\u00e3o das Missas noturnas, que haviam sido suspensas em diversas igrejas de centros urbanos por quest\u00e3o de seguran\u00e7a. De acordo com a Ag\u00eancia Fides, o Bispo da diocese, Dom Antonio Gonz\u00e1lez S\u00e1nchez, explicou que \u201ch\u00e1 cerca de dois anos, as missas noturnas foram suspensas porque as pessoas [&hellip;]<\/p>\n","protected":false},"author":1,"featured_media":0,"comment_status":"closed","ping_status":"closed","sticky":false,"template":"","format":"standard","meta":{"footnotes":""},"categories":[3],"tags":[],"class_list":["post-3654","post","type-post","status-publish","format-standard","hentry","category-vaticano"],"_links":{"self":[{"href":"https:\/\/catolicanet.net\/wp-cnet\/wp-json\/wp\/v2\/posts\/3654","targetHints":{"allow":["GET"]}}],"collection":[{"href":"https:\/\/catolicanet.net\/wp-cnet\/wp-json\/wp\/v2\/posts"}],"about":[{"href":"https:\/\/catolicanet.net\/wp-cnet\/wp-json\/wp\/v2\/types\/post"}],"author":[{"embeddable":true,"href":"https:\/\/catolicanet.net\/wp-cnet\/wp-json\/wp\/v2\/users\/1"}],"replies":[{"embeddable":true,"href":"https:\/\/catolicanet.net\/wp-cnet\/wp-json\/wp\/v2\/comments?post=3654"}],"version-history":[{"count":1,"href":"https:\/\/catolicanet.net\/wp-cnet\/wp-json\/wp\/v2\/posts\/3654\/revisions"}],"predecessor-version":[{"id":7978,"href":"https:\/\/catolicanet.net\/wp-cnet\/wp-json\/wp\/v2\/posts\/3654\/revisions\/7978"}],"wp:attachment":[{"href":"https:\/\/catolicanet.net\/wp-cnet\/wp-json\/wp\/v2\/media?parent=3654"}],"wp:term":[{"taxonomy":"category","embeddable":true,"href":"https:\/\/catolicanet.net\/wp-cnet\/wp-json\/wp\/v2\/categories?post=3654"},{"taxonomy":"post_tag","embeddable":true,"href":"https:\/\/catolicanet.net\/wp-cnet\/wp-json\/wp\/v2\/tags?post=3654"}],"curies":[{"name":"wp","href":"https:\/\/api.w.org\/{rel}","templated":true}]}}