{"id":3653,"date":"2013-12-10T13:29:26","date_gmt":"2013-12-10T15:29:26","guid":{"rendered":"http:\/\/catolicanet.net\/wp-cnet\/presidente-da-caritas-convida-a-participar-da-qonda-de-oracaoq-no-inicio-da-campanha\/"},"modified":"2017-03-24T13:50:32","modified_gmt":"2017-03-24T16:50:32","slug":"presidente-da-caritas-convida-a-participar-da-qonda-de-oracaoq-no-inicio-da-campanha","status":"publish","type":"post","link":"https:\/\/catolicanet.net\/wp-cnet\/presidente-da-caritas-convida-a-participar-da-qonda-de-oracaoq-no-inicio-da-campanha\/","title":{"rendered":"Presidente da Caritas convida a participar da &#8220;Onda de Ora\u00e7\u00e3o&#8221; no in\u00edcio da Campanha"},"content":{"rendered":"<p style=\"text-align: justify;\"><img decoding=\"async\" src=\"http:\/\/catolicanet.com.br\/images\/stories\/refeicao.jpg\" border=\"0\" align=\"left\" \/>O Presidente da Caritas Internacional, Cardeal Oscar Andr\u00e9s Rodrigues Maradiaga, enviou um convite aos bispos, dioceses e comunidades de todo o mundo para um gesto de ora\u00e7\u00e3o que marcar\u00e1 o in\u00edcio da Campanha Mundial contra a fome e a pobreza.<\/p>\n<p>O evento decorre segunda-feira, 10 de dezembro, Dia Internacional dos Direitos Humanos, e tem como tema \u201cUma fam\u00edlia humana, p\u00e3o e justi\u00e7a para todas as pessoas\u201d. No Brasil, a campanha \u00e9 promovida pela CNBB e pela C\u00e1ritas Brasileira e o lan\u00e7amento ser\u00e1 sede da Confer\u00eancia Episcopal, a partir das 14h, em Bras\u00edlia (DF).<\/p>\n<p>\u201cO elemento essencial desses recursos \u00e9 a ora\u00e7\u00e3o, especialmente o &#8216;Pai Nosso&#8217;, que o pr\u00f3prio Senhor nos ensinou e acima de tudo, a Eucaristia. Portanto, espero que a ora\u00e7\u00e3o acompanhe esta campanha, a fim de inspirar a convers\u00e3o necess\u00e1ria e novas iniciativas nas nossas dioceses, par\u00f3quias, comunidades cristas e religiosas, escola e familiares\u201d, explica o cardeal.<\/p>\n<p>Os regionais e dioceses da CNBB s\u00e3o convidados a participar da \u201conda de ora\u00e7\u00e3o\u201d que percorrer\u00e1 v\u00e1rias partes do mundo, dando in\u00edcio \u00e0s atividades da campanha. A mobiliza\u00e7\u00e3o internacional quer debater a realidade da pobreza no Brasil e no mundo. No lan\u00e7amento da campanha, ser\u00e1 divulgada a mensagem do Papa Francisco de apoio \u00e0 iniciativa mundial.<\/p>\n<p><strong>Motiva\u00e7\u00f5es<\/strong><\/p>\n<p>O Cardeal Oscar Andr\u00e9s Maradiaga pede na carta que os bispos promovam o lan\u00e7amento da campanha em \u00e2mbito diocesano, envolvendo as par\u00f3quias sob a supervis\u00e3o da Caritas local e com ajuda as pastorais das dioceses. Outra sugest\u00e3o \u00e9 que a campanha seja apresentada durante as celebra\u00e7\u00f5es e missas: \u201cEsta luta agora deve ser intensificada por uma maior mobiliza\u00e7\u00e3o dos agentes pastorais e dos fi\u00e9is, e a\u00e7\u00e3o em todos os n\u00edveis, de modo que todos possam contribuir para eliminar a desgra\u00e7a da fome no mundo\u201d, comenta o Presidente da Caritas Internacional.<\/p>\n<p>A campanha integra uma mobiliza\u00e7\u00e3o mundial da Caritas Internationalis que articulou as 164 organiza\u00e7\u00f5es em favor da vida, dos direitos humanos e da justi\u00e7a social. A onda de ora\u00e7\u00e3o iniciar\u00e1 na ilha de Samoa, na Polin\u00e9sia, prosseguindo por todo o mundo. O mapa do roteiro de ora\u00e7\u00f5es est\u00e1 no site da Caritas: www.caritas.org.br<\/p>\n<p>Confira a ora\u00e7\u00e3o sugerida:<\/p>\n<p>Ora\u00e7\u00e3o da Campanha Mundial<\/p>\n<p>Uma fam\u00edlia humana, p\u00e3o e justi\u00e7a para todas as pessoas<\/p>\n<p>Senhor Nosso Deus, que nos confiaste os frutos da cria\u00e7\u00e3o para que cuid\u00e1ssemos da Terra e nos aliment\u00e1ssemos de sua generosidade. Enviaste teu Filho para partilhar sua pr\u00f3pria carne e sangue e para ensinar-nos a Lei do Amor. Por Sua morte e ressurrei\u00e7\u00e3o, nos tornamos uma \u00fanica fam\u00edlia humana. Jesus teve grande preocupa\u00e7\u00e3o com as pessoas que n\u00e3o tinham o que comer. Transformou cinco p\u00e3es e dois peixes em um banquete que alimentou mais de cinco mil pessoas. Viemos diante de Ti, Senhor, conscientes de nossas fraquezas, mas com muita esperan\u00e7a, para compartilhar o alimento com todas as pessoas da grande fam\u00edlia humana. Na Tua sabedoria, ilumina os governantes e todos os cidad\u00e3os e cidad\u00e3s a encontrar solu\u00e7\u00f5es justas e solid\u00e1rias para acabar com a fome no mundo e garantir o direito de cada ser humano \u00e0 alimenta\u00e7\u00e3o. Por isso Te pedimos, Senhor Nosso Deus, que ao nos apresentarmos diante de Ti, possamos nos proclamar como parte de &#8220;Uma Fam\u00edlia Humana\u201d com \u201cP\u00e3o e Justi\u00e7a para todas as pessoas&#8221;. Am\u00e9m! Ax\u00e9! Hawere! Aleluia!<\/p>\n<p style=\"text-align: justify;\">\u00a0<\/p>\n<p style=\"text-align: justify;\"><strong>Local: Roma<br \/>Fonte: R\u00e1dio Vaticano<\/strong><\/p>\n","protected":false},"excerpt":{"rendered":"<p>O Presidente da Caritas Internacional, Cardeal Oscar Andr\u00e9s Rodrigues Maradiaga, enviou um convite aos bispos, dioceses e comunidades de todo o mundo para um gesto de ora\u00e7\u00e3o que marcar\u00e1 o in\u00edcio da Campanha Mundial contra a fome e a pobreza. O evento decorre segunda-feira, 10 de dezembro, Dia Internacional dos Direitos Humanos, e tem como [&hellip;]<\/p>\n","protected":false},"author":1,"featured_media":0,"comment_status":"closed","ping_status":"closed","sticky":false,"template":"","format":"standard","meta":{"footnotes":""},"categories":[3],"tags":[],"class_list":["post-3653","post","type-post","status-publish","format-standard","hentry","category-vaticano"],"_links":{"self":[{"href":"https:\/\/catolicanet.net\/wp-cnet\/wp-json\/wp\/v2\/posts\/3653","targetHints":{"allow":["GET"]}}],"collection":[{"href":"https:\/\/catolicanet.net\/wp-cnet\/wp-json\/wp\/v2\/posts"}],"about":[{"href":"https:\/\/catolicanet.net\/wp-cnet\/wp-json\/wp\/v2\/types\/post"}],"author":[{"embeddable":true,"href":"https:\/\/catolicanet.net\/wp-cnet\/wp-json\/wp\/v2\/users\/1"}],"replies":[{"embeddable":true,"href":"https:\/\/catolicanet.net\/wp-cnet\/wp-json\/wp\/v2\/comments?post=3653"}],"version-history":[{"count":1,"href":"https:\/\/catolicanet.net\/wp-cnet\/wp-json\/wp\/v2\/posts\/3653\/revisions"}],"predecessor-version":[{"id":7979,"href":"https:\/\/catolicanet.net\/wp-cnet\/wp-json\/wp\/v2\/posts\/3653\/revisions\/7979"}],"wp:attachment":[{"href":"https:\/\/catolicanet.net\/wp-cnet\/wp-json\/wp\/v2\/media?parent=3653"}],"wp:term":[{"taxonomy":"category","embeddable":true,"href":"https:\/\/catolicanet.net\/wp-cnet\/wp-json\/wp\/v2\/categories?post=3653"},{"taxonomy":"post_tag","embeddable":true,"href":"https:\/\/catolicanet.net\/wp-cnet\/wp-json\/wp\/v2\/tags?post=3653"}],"curies":[{"name":"wp","href":"https:\/\/api.w.org\/{rel}","templated":true}]}}