{"id":3651,"date":"2013-12-10T12:42:04","date_gmt":"2013-12-10T14:42:04","guid":{"rendered":"http:\/\/catolicanet.net\/wp-cnet\/a-imaculada-conceicao\/"},"modified":"2017-03-24T13:53:35","modified_gmt":"2017-03-24T16:53:35","slug":"a-imaculada-conceicao","status":"publish","type":"post","link":"https:\/\/catolicanet.net\/wp-cnet\/a-imaculada-conceicao\/","title":{"rendered":"A Imaculada Concei\u00e7\u00e3o"},"content":{"rendered":"<p style=\"text-align: justify;\"><img decoding=\"async\" src=\"http:\/\/catolicanet.com.br\/images\/stories\/domeurico1.jpg\" border=\"0\" align=\"left\" \/>Nossa Senhora \u00e9 grande presente de Deus no tempo do advento. Com ela caminhamos rumo ao Natal para fazer de nosso cora\u00e7\u00e3o um grande presente. Na liturgia da Solenidade da Imaculada Concei\u00e7\u00e3o, neste ano celebrada concomitantemente com o segundo domingo do Advento, nos \u00e9 apresentada duas mulheres, pela liturgia sagrada. <br \/>Eva, a primeira mulher, que desobedecendo a Deus foi atingida pelo pecado original, ou seja, pela desobedi\u00eancia a vontade divina, querendo ocupar o lugar de Deus e tendo vergonha de habitar o para\u00edso despida de suas roupas, por causa de sua busca de ocupar o lugar de Deus.\u00a0 Essa auto-sufici\u00eancia \u00e9 comparada a uma serpente que nos d\u00e1 uma id\u00e9ia falsa de Deus e nos leva a escolher o mal. A &#8220;nudez&#8221; (a condi\u00e7\u00e3o de criatura) maravilhosa no corpo e na mente, depois do pecado, come\u00e7a a causar vergonha. O homem n\u00e3o est\u00e1 no seu lugar: n\u00e3o considera mais Deus um amigo com o qual passeia no jardim e passa a v\u00ea-lo como advers\u00e1rio e o evita (se esconde). O pecado rompe a confian\u00e7a entre as pessoas: Ad\u00e3o acusa Eva; Eva culpa a serpente&#8230;isso at\u00e9 parece alguns personagens pol\u00edticos do nosso cen\u00e1rio brasileiro, de tanto mentir, de tanto dizer que nada sabem, vivem em pecado p\u00fablico, o pecado da corrup\u00e7\u00e3o. A Luta entre a &#8220;serpente&#8221; e o homem continuar\u00e1 at\u00e9 o fim do mundo, mas a descend\u00eancia da mulher prevalecer\u00e1 e esmagar\u00e1 a cabe\u00e7a da serpente.<br \/>Maria, \u00e9 a Imaculada Concei\u00e7\u00e3o. Ela n\u00e3o conheceu o pecado original, por isso ela muda de nome, passa a ser chamada de &#8220;Cheia de Gra\u00e7a&#8221;. A ora\u00e7\u00e3o da Ave Maria, t\u00e3o singela e t\u00e3o profunda, que aprendemos desde crian\u00e7a cont\u00e9m a certeza da voca\u00e7\u00e3o universal de todos os batizados: a santidade. Sim, se Maria \u00e9 a Imaculada Concei\u00e7\u00e3o, ou seja, sem pecado, n\u00f3s somos chamados a imit\u00e1-la para ficarmos repletos da gra\u00e7a de Deus, e como pede o Papa Francisco, em sua \u00faltima exorta\u00e7\u00e3o apost\u00f3lica, sermos homens e mulheres santos no an\u00fancio da Boa Nova do Evangelho.<br \/>A hist\u00f3ria de Maria responde: atrav\u00e9s de pessoas atentas aos seus projetos e de cora\u00e7\u00e3o dispon\u00edvel para o servi\u00e7o dos irm\u00e3os, Deus atua no mundo, manifesta aos homens o seu amor e convida cada pessoa a percorrer os caminhos da felicidade e da realiza\u00e7\u00e3o plena, deixando claro que a santidade \u00e9 poss\u00edvel, a gra\u00e7a se vive no cotidiano e disso, a exemplo da Virgem Imaculada, somos convidados a viver e testemunhar.<\/p>\n","protected":false},"excerpt":{"rendered":"<p>Nossa Senhora \u00e9 grande presente de Deus no tempo do advento. Com ela caminhamos rumo ao Natal para fazer de nosso cora\u00e7\u00e3o um grande presente. Na liturgia da Solenidade da Imaculada Concei\u00e7\u00e3o, neste ano celebrada concomitantemente com o segundo domingo do Advento, nos \u00e9 apresentada duas mulheres, pela liturgia sagrada. Eva, a primeira mulher, que [&hellip;]<\/p>\n","protected":false},"author":10,"featured_media":0,"comment_status":"closed","ping_status":"closed","sticky":false,"template":"","format":"standard","meta":{"footnotes":""},"categories":[9],"tags":[],"class_list":["post-3651","post","type-post","status-publish","format-standard","hentry","category-artigos"],"_links":{"self":[{"href":"https:\/\/catolicanet.net\/wp-cnet\/wp-json\/wp\/v2\/posts\/3651","targetHints":{"allow":["GET"]}}],"collection":[{"href":"https:\/\/catolicanet.net\/wp-cnet\/wp-json\/wp\/v2\/posts"}],"about":[{"href":"https:\/\/catolicanet.net\/wp-cnet\/wp-json\/wp\/v2\/types\/post"}],"author":[{"embeddable":true,"href":"https:\/\/catolicanet.net\/wp-cnet\/wp-json\/wp\/v2\/users\/10"}],"replies":[{"embeddable":true,"href":"https:\/\/catolicanet.net\/wp-cnet\/wp-json\/wp\/v2\/comments?post=3651"}],"version-history":[{"count":1,"href":"https:\/\/catolicanet.net\/wp-cnet\/wp-json\/wp\/v2\/posts\/3651\/revisions"}],"predecessor-version":[{"id":7981,"href":"https:\/\/catolicanet.net\/wp-cnet\/wp-json\/wp\/v2\/posts\/3651\/revisions\/7981"}],"wp:attachment":[{"href":"https:\/\/catolicanet.net\/wp-cnet\/wp-json\/wp\/v2\/media?parent=3651"}],"wp:term":[{"taxonomy":"category","embeddable":true,"href":"https:\/\/catolicanet.net\/wp-cnet\/wp-json\/wp\/v2\/categories?post=3651"},{"taxonomy":"post_tag","embeddable":true,"href":"https:\/\/catolicanet.net\/wp-cnet\/wp-json\/wp\/v2\/tags?post=3651"}],"curies":[{"name":"wp","href":"https:\/\/api.w.org\/{rel}","templated":true}]}}