{"id":36464,"date":"2017-11-06T07:36:48","date_gmt":"2017-11-06T09:36:48","guid":{"rendered":"http:\/\/catolicanet.net\/wp-cnet\/?p=36464"},"modified":"2017-11-28T11:16:08","modified_gmt":"2017-11-28T13:16:08","slug":"ano-do-laicato","status":"publish","type":"post","link":"https:\/\/catolicanet.net\/wp-cnet\/ano-do-laicato\/","title":{"rendered":"Ano do laicato"},"content":{"rendered":"<p>Come\u00e7aremos a viver, a partir do domingo de Cristo Rei deste ano, Dia do Crist\u00e3o leigo, o ano do laicato. Uma iniciativa de nossa Confer\u00eancia Episcopal no intuito de protagonizar o papel e a miss\u00e3o dos leigos na igreja e no na sociedade. Os leigos s\u00e3o os crist\u00e3os batizados que n\u00e3o est\u00e3o ligados como membros \u00e0s Sagradas Ordens, ou seja, os que foram incorporados a Cristo pelo Batismo, que formam o Povo de Deus, e que participam da fun\u00e7\u00e3o sacerdotal, prof\u00e9tica e r\u00e9gia de Cristo.<br \/>\nOs crist\u00e3os leigos est\u00e3o na linha mais avan\u00e7ada da vida da Igreja; e devem ter uma consci\u00eancia clara, n\u00e3o somente de pertencerem \u00e0 Igreja, mas de \u201cserem e sentirem com a Igreja\u201d, isto \u00e9, a comunidade dos fi\u00e9is na terra em unidade com o Santo Padre, o Papa, e em comunh\u00e3o com seus Bispos. Juntos, como a Igreja.<br \/>\nO leigo tem como voca\u00e7\u00e3o pr\u00f3pria, procurar o Reino de Deus exercendo fun\u00e7\u00f5es no mundo, no trabalho, mas ordenando-as segundo o Plano e a vontade de Deus. Cristo os chama a ser \u201csal da terra e luz do mundo\u201d (lema deste ano do laicato). O leigo deve ser testemunha de Cristo aonde o sacerdote n\u00e3o chega. Ele deve levar a luz de Cristo aos ambientes de trevas, de pecado, de injusti\u00e7a, de viol\u00eancia, enfim, ao mundo de hoje com suas virtudes e mazelas. Assim, no mundo do trabalho, levando tudo a Deus, o leigo contribui para o louvor do Criador. Ele constr\u00f3i o mundo pelo trabalho, e assim coloca na obra de Deus a sua assinatura.<br \/>\nSabendo da import\u00e2ncia do leigo para a Igreja, a Igreja no Brasil tem a proposta de celebrar no per\u00edodo de 26 de novembro de 2017, Solenidade de Cristo Rei, \u00e0 25 de novembro de 2018, o \u201cAno do Laicato\u201d.<br \/>\nO tema escolhido para animar a m\u00edstica do Ano do Laicato foi: \u201cCrist\u00e3os leigos e leigas, sujeitos na \u2018Igreja em sa\u00edda\u2019, a servi\u00e7o do Reino\u201d e o lema, como j\u00e1 dissemos: \u201cSal da Terra e Luz do Mundo\u201d (Mt 5,13-14). (Retirado do site: http:\/\/cnbb.net.br\/ano-do-laicato-intensificara-o-trabalho-para-que-cristaos-leigos-e-leigas-sejam-sal-e-luz-na-igreja-e-na-sociedade acesso pela \u00faltima vez: 30\/10\/2017).<br \/>\nO Ano do Laicato ter\u00e1 como objetivo geral: \u201cComo Igreja, Povo de Deus, celebrar a presen\u00e7a e a organiza\u00e7\u00e3o dos crist\u00e3os leigos e leigas no Brasil; aprofundar a sua identidade, voca\u00e7\u00e3o, espiritualidade e miss\u00e3o; e testemunhar Jesus Cristo e seu Reino na sociedade\u201d (Retirado do site: http:\/\/cnbb.net.br\/ano-do-laicato-intensificara-o-trabalho-para-que-cristaos-leigos-e-leigas-sejam-sal-e-luz-na-igreja-e-na-sociedade, acesso pela \u00faltima vez: 30\/10\/2017).<br \/>\nO Conc\u00edlio Ecum\u00eanico Vaticano II fez vir \u00e0 tona mais ainda a atividade do leigo na Igreja: \u201cOs leigos que forem capazes e que se formarem para isto podem tamb\u00e9m dar sua colabora\u00e7\u00e3o na forma\u00e7\u00e3o catequ\u00e9tica, no ensino das ci\u00eancias sagradas e atuar nos meios de comunica\u00e7\u00e3o social.\u201d (CIC \u00a7906)<br \/>\nOs leigos s\u00e3o encarregados por Deus do apostolado em virtude do Batismo e da Confirma\u00e7\u00e3o, \u201celes t\u00eam a obriga\u00e7\u00e3o e gozam do direito, individualmente ou agrupados em associa\u00e7\u00f5es, de trabalhar para que a mensagem divina da salva\u00e7\u00e3o seja conhecida e recebida por todos os homens e por toda a terra; esta obriga\u00e7\u00e3o \u00e9 ainda mais presente se levarmos em conta que \u00e9 somente por meio deles que os homens podem ouvir o Evangelho e conhecer a Cristo. Nas comunidades eclesiais, a a\u00e7\u00e3o deles \u00e9 t\u00e3o necess\u00e1ria que sem ela o apostolado dos pastores n\u00e3o pode, o mais das vezes, obter seu pleno efeito\u201d. (CIC \u00a7900).<br \/>\n\u201cOs leigos podem tamb\u00e9m sentir-se chamados ou vir a ser chamados para colaborar com os pr\u00f3prios pastores no servi\u00e7o da comunidade eclesial, para o crescimento e a vida da mesma, exercendo minist\u00e9rios bem diversificados, segundo a gra\u00e7a e os carismas que o Senhor quiser depositar neles.\u201d (CIC \u00a7910). Nesse sentido, al\u00e9m do trabalho essencial dos leigos no mundo, a colabora\u00e7\u00e3o intra-eclesial tamb\u00e9m \u00e9 muito importante como membros da Igreja.<br \/>\nA Comiss\u00e3o Episcopal Especial para o Ano do Laicato organizou as atividades em quatro eixos: 1) Eventos; 2) Comunica\u00e7\u00e3o, catequese e celebra\u00e7\u00e3o; 3) Semin\u00e1rios tem\u00e1ticos nos Regionais; e 4) Publica\u00e7\u00f5es. O Ano do leigo, pretende ainda: \u201cDinamizar o estudo e a pr\u00e1tica do documento 105: \u2018Crist\u00e3os leigos e leigas na Igreja e na Sociedade\u2019 e demais documentos do Magist\u00e9rio, em especial do Papa Francisco, sobre o Laicato; e estimular a presen\u00e7a e a atua\u00e7\u00e3o dos crist\u00e3os leigos e leigas, \u2018verdadeiros sujeitos eclesiais\u2019 (DAp, n. 497a), como \u201csal, luz e fermento\u201d na Igreja e na Sociedade.<br \/>\nContudo, o Ano do laicato ser\u00e1 muito especial, pois, teremos a oportunidade de ainda mais aprofundar na miss\u00e3o do leigo e do seu papel no contexto atual de Igreja e mundo. Segundo Papa Francisco: \u201cem virtude do Batismo recebido, os fi\u00e9is leigos s\u00e3o protagonistas na obra de evangeliza\u00e7\u00e3o e promo\u00e7\u00e3o humana&#8221;. &#8220;Incorporado \u00e0 Igreja, cada membro do Povo de Deus \u00e9 inseparavelmente disc\u00edpulo e mission\u00e1rio. \u00c9 preciso sempre reiniciar dessa raiz comum a todos n\u00f3s, filhos da M\u00e3e Igreja\u201d. (Retirado do site: http:\/\/www.news.va\/pt\/news\/papa-francisco-leigos-sao-protagonistas-na-obra-de\/ Acesso: 30\/10\/2017).<br \/>\nQue nossos leigos e leigas neste ano especial, fi\u00e9is filhos da Igreja, e seguidores de Jesus Cristo, possam, diante de tantas ideologias e injusti\u00e7as serem testemunhas de um tempo novo em que o Evangelho vivido seja um sinal de esperan\u00e7a crist\u00e3 para a sociedade, totalmente comprometidos com Jesus Cristo e guiados pelo Esp\u00edrito Santo no caminho para o Pai e assim sejam sempre mais testemunhas evang\u00e9licas da miseric\u00f3rdia divina!<\/p>\n","protected":false},"excerpt":{"rendered":"<p>Come\u00e7aremos a viver, a partir do domingo de Cristo Rei deste ano, Dia do Crist\u00e3o leigo, o ano do laicato. Uma iniciativa de nossa Confer\u00eancia Episcopal no intuito de protagonizar o papel e a miss\u00e3o dos leigos na igreja e no na sociedade. Os leigos s\u00e3o os crist\u00e3os batizados que n\u00e3o est\u00e3o ligados como membros [&hellip;]<\/p>\n","protected":false},"author":5,"featured_media":32777,"comment_status":"open","ping_status":"closed","sticky":false,"template":"","format":"standard","meta":{"footnotes":""},"categories":[9],"tags":[],"class_list":["post-36464","post","type-post","status-publish","format-standard","has-post-thumbnail","hentry","category-artigos"],"_links":{"self":[{"href":"https:\/\/catolicanet.net\/wp-cnet\/wp-json\/wp\/v2\/posts\/36464","targetHints":{"allow":["GET"]}}],"collection":[{"href":"https:\/\/catolicanet.net\/wp-cnet\/wp-json\/wp\/v2\/posts"}],"about":[{"href":"https:\/\/catolicanet.net\/wp-cnet\/wp-json\/wp\/v2\/types\/post"}],"author":[{"embeddable":true,"href":"https:\/\/catolicanet.net\/wp-cnet\/wp-json\/wp\/v2\/users\/5"}],"replies":[{"embeddable":true,"href":"https:\/\/catolicanet.net\/wp-cnet\/wp-json\/wp\/v2\/comments?post=36464"}],"version-history":[{"count":1,"href":"https:\/\/catolicanet.net\/wp-cnet\/wp-json\/wp\/v2\/posts\/36464\/revisions"}],"predecessor-version":[{"id":36465,"href":"https:\/\/catolicanet.net\/wp-cnet\/wp-json\/wp\/v2\/posts\/36464\/revisions\/36465"}],"wp:featuredmedia":[{"embeddable":true,"href":"https:\/\/catolicanet.net\/wp-cnet\/wp-json\/wp\/v2\/media\/32777"}],"wp:attachment":[{"href":"https:\/\/catolicanet.net\/wp-cnet\/wp-json\/wp\/v2\/media?parent=36464"}],"wp:term":[{"taxonomy":"category","embeddable":true,"href":"https:\/\/catolicanet.net\/wp-cnet\/wp-json\/wp\/v2\/categories?post=36464"},{"taxonomy":"post_tag","embeddable":true,"href":"https:\/\/catolicanet.net\/wp-cnet\/wp-json\/wp\/v2\/tags?post=36464"}],"curies":[{"name":"wp","href":"https:\/\/api.w.org\/{rel}","templated":true}]}}