{"id":3644,"date":"2013-12-09T15:21:19","date_gmt":"2013-12-09T17:21:19","guid":{"rendered":"http:\/\/catolicanet.net\/wp-cnet\/colombia-igreja-pede-pressa-no-dialogo-para-a-paz\/"},"modified":"2017-03-24T13:57:36","modified_gmt":"2017-03-24T16:57:36","slug":"colombia-igreja-pede-pressa-no-dialogo-para-a-paz","status":"publish","type":"post","link":"https:\/\/catolicanet.net\/wp-cnet\/colombia-igreja-pede-pressa-no-dialogo-para-a-paz\/","title":{"rendered":"Col\u00f4mbia: Igreja pede pressa no di\u00e1logo para a paz"},"content":{"rendered":"<p style=\"text-align: justify;\"><img decoding=\"async\" src=\"http:\/\/catolicanet.com.br\/images\/stories\/igrejapedepressanodialogodapaz.jpg\" border=\"0\" align=\"left\" \/>A Igreja cat\u00f3lica colombiana pediu ao Governo e \u00e0 guerrilha das FARC que acelerem os di\u00e1logos de paz para evitar mais ataques rebeldes como o de Inz\u00e1, onde nove pessoas morreram e mais de 30 ficaram feridas.<\/p>\n<p>O arcebispo colombiano Dom Luis Augusto Castro disse aos jornalistas que epis\u00f3dios como o ocorrido nesta localidade do sudoeste do pa\u00eds devem levar as partes a agilizar a negocia\u00e7\u00e3o para colocar fim a tanta viol\u00eancia.<\/p>\n<p>\u201c\u00c9 preciso acelerar este processo de di\u00e1logo para obter o calar definitivo das armas; este \u00e9 um dos muitos atentados que se verificam na Col\u00f4mbia, vivemos em guerra e n\u00e3o podemos nos acomodar e seguir com ela\u201d, apontou o arcebispo.<\/p>\n<p>Dom Luis Augusto Castro assegurou que todo ato de viol\u00eancia deve ser um est\u00edmulo a \u201creafirmar a luta pela vida\u201d e disse esperar que o ataque ocorrido na localidade de Inz\u00e1 \u201cn\u00e3o complique os di\u00e1logos de paz\u201d.<\/p>\n<p>Na v\u00e9spera, o presidente colombiano Juan Manuel Santos qualificou o ataque das For\u00e7as Armadas Revolucion\u00e1rias da Col\u00f4mbia (FARC) como \u201cdemencial\u201d e advertiu que o Ex\u00e9rcito n\u00e3o vai baixar a guarda no combate \u00e0 insurg\u00eancia.<\/p>\n<p>Segundo informes oficiais, integrantes do grupo insurgente colocaram, s\u00e1bado passado, um ve\u00edculo com explosivos na Pra\u00e7a do mercado da localidade de Inz\u00e1, que ao se detonar causou a morte de nove pessoas, em maioria policiais.<\/p>\n<p>No atentado explosivo, realizado enquanto os agricultores se preparavam para vender seus produtos no mercado, ficaram ainda feridas mais de 30 pessoas, sete delas integrantes da for\u00e7a p\u00fablica.<\/p>\n<p style=\"text-align: justify;\">\u00a0<\/p>\n<p style=\"text-align: justify;\"><strong>Local: Bogot\u00e1 <br \/>Fonte: R\u00e1dio Vaticano<\/strong><\/p>\n","protected":false},"excerpt":{"rendered":"<p>A Igreja cat\u00f3lica colombiana pediu ao Governo e \u00e0 guerrilha das FARC que acelerem os di\u00e1logos de paz para evitar mais ataques rebeldes como o de Inz\u00e1, onde nove pessoas morreram e mais de 30 ficaram feridas. O arcebispo colombiano Dom Luis Augusto Castro disse aos jornalistas que epis\u00f3dios como o ocorrido nesta localidade do [&hellip;]<\/p>\n","protected":false},"author":1,"featured_media":0,"comment_status":"closed","ping_status":"closed","sticky":false,"template":"","format":"standard","meta":{"footnotes":""},"categories":[3],"tags":[],"class_list":["post-3644","post","type-post","status-publish","format-standard","hentry","category-vaticano"],"_links":{"self":[{"href":"https:\/\/catolicanet.net\/wp-cnet\/wp-json\/wp\/v2\/posts\/3644","targetHints":{"allow":["GET"]}}],"collection":[{"href":"https:\/\/catolicanet.net\/wp-cnet\/wp-json\/wp\/v2\/posts"}],"about":[{"href":"https:\/\/catolicanet.net\/wp-cnet\/wp-json\/wp\/v2\/types\/post"}],"author":[{"embeddable":true,"href":"https:\/\/catolicanet.net\/wp-cnet\/wp-json\/wp\/v2\/users\/1"}],"replies":[{"embeddable":true,"href":"https:\/\/catolicanet.net\/wp-cnet\/wp-json\/wp\/v2\/comments?post=3644"}],"version-history":[{"count":1,"href":"https:\/\/catolicanet.net\/wp-cnet\/wp-json\/wp\/v2\/posts\/3644\/revisions"}],"predecessor-version":[{"id":7988,"href":"https:\/\/catolicanet.net\/wp-cnet\/wp-json\/wp\/v2\/posts\/3644\/revisions\/7988"}],"wp:attachment":[{"href":"https:\/\/catolicanet.net\/wp-cnet\/wp-json\/wp\/v2\/media?parent=3644"}],"wp:term":[{"taxonomy":"category","embeddable":true,"href":"https:\/\/catolicanet.net\/wp-cnet\/wp-json\/wp\/v2\/categories?post=3644"},{"taxonomy":"post_tag","embeddable":true,"href":"https:\/\/catolicanet.net\/wp-cnet\/wp-json\/wp\/v2\/tags?post=3644"}],"curies":[{"name":"wp","href":"https:\/\/api.w.org\/{rel}","templated":true}]}}