{"id":36417,"date":"2017-10-16T10:39:17","date_gmt":"2017-10-16T12:39:17","guid":{"rendered":"http:\/\/catolicanet.net\/wp-cnet\/?p=36417"},"modified":"2017-11-28T09:17:33","modified_gmt":"2017-11-28T11:17:33","slug":"historia-da-humanidade","status":"publish","type":"post","link":"https:\/\/catolicanet.net\/wp-cnet\/historia-da-humanidade\/","title":{"rendered":"Hist\u00f3ria da humanidade"},"content":{"rendered":"<p>O tema parece bastante abrangente, mas pode ser visto de diversos \u00e2ngulos e interpretado na \u00f3tica de quem o faz. Se for numa vis\u00e3o de f\u00e9, dizemos que tudo est\u00e1 nas m\u00e3os de Deus e ganha um significado de caminho de salva\u00e7\u00e3o do ser humano. Tudo que existe na hist\u00f3ria foi criado em fun\u00e7\u00e3o da pessoa humana, que tamb\u00e9m foi criada, mas \u00e0 imagem e semelhan\u00e7a de seu Criador.<br \/>\nSe Deus \u00e9 o autor e o criador do tempo e da hist\u00f3ria, e quer a salva\u00e7\u00e3o da humanidade, Ele pode realizar sua vontade at\u00e9 mesmo atrav\u00e9s de caminhos tortuosos. No campo da moral crist\u00e3, o ser humano n\u00e3o pode usar do mal para conquistar o bem. Pior ainda quando explora o bem p\u00fablico, que deveria estar a servi\u00e7o da coletividade, direcionando-o para pr\u00e1ticas ego\u00edstas e injustas.<br \/>\nA hist\u00f3ria da humanidade tem percorrido caminhos que v\u00e3o \u00e0 contram\u00e3o dos indicativos de Deus. Isso acontece tanto no campo pol\u00edtico como no religioso. N\u00e3o \u00e9 respeitado o princ\u00edpio jur\u00eddico b\u00edblico do \u201cdar a C\u00e9zar o que \u00e9 de C\u00e9zar e a Deus o que \u00e9 de Deus\u201d (Mt 22,21). Nem se sabe se \u00e9 justo o alto valor cobrado nos impostos exigidos pelas autoridades brasileiras, e nem para onde vai!<br \/>\nNo campo religioso, o tipo de prosperidade proclamada fere o sentido da vida crist\u00e3. Cai na mesma atitude dos pol\u00edticos corruptos, porque os objetivos n\u00e3o s\u00e3o coletivos, facilitando a pr\u00e1tica da corrup\u00e7\u00e3o e do enriquecimento il\u00edcito. O pior \u00e9 que isso \u00e9 feito em nome de Deus, atua\u00e7\u00e3o que n\u00e3o passa de uma perfeita idolatria. Deus \u00e9 instrumentalizado em benef\u00edcio de atos escusos e desonestos.<br \/>\nExiste um projeto divino, que ningu\u00e9m \u00e9 capaz de impedir, como inst\u00e2ncia \u00faltima de toda a hist\u00f3ria da humanidade. Mesmo no meio de situa\u00e7\u00f5es incongruentes, o plano infinito de Deus n\u00e3o vai deixar de ser realizado. \u00c9 uma promessa prof\u00e9tica, que n\u00e3o falha e est\u00e1 acima de qualquer sentimento subjetivamente pessoal. \u00c9 a humanidade deixando de ser hist\u00f3rica para ter a plenitude em Deus.<br \/>\nNa vida pr\u00e1tica, a f\u00e9 \u00e9 um modo de a pessoa viver, podendo contribuir com a a\u00e7\u00e3o libertadora de Deus. O plano universal n\u00e3o depende de nossa f\u00e9, mas conta com a colabora\u00e7\u00e3o de todos at\u00e9 chegar \u00e0 eternidade. \u00c9 um caminho de liberdade pessoal, e quem usa bem desse instrumento, lucra benesses em sua trajet\u00f3ria hist\u00f3rica. Fazer o bem oportuniza tamb\u00e9m receber o bem.<\/p>\n","protected":false},"excerpt":{"rendered":"<p>O tema parece bastante abrangente, mas pode ser visto de diversos \u00e2ngulos e interpretado na \u00f3tica de quem o faz. Se for numa vis\u00e3o de f\u00e9, dizemos que tudo est\u00e1 nas m\u00e3os de Deus e ganha um significado de caminho de salva\u00e7\u00e3o do ser humano. Tudo que existe na hist\u00f3ria foi criado em fun\u00e7\u00e3o da [&hellip;]<\/p>\n","protected":false},"author":11,"featured_media":32781,"comment_status":"open","ping_status":"closed","sticky":false,"template":"","format":"standard","meta":{"footnotes":""},"categories":[9],"tags":[],"class_list":["post-36417","post","type-post","status-publish","format-standard","has-post-thumbnail","hentry","category-artigos"],"_links":{"self":[{"href":"https:\/\/catolicanet.net\/wp-cnet\/wp-json\/wp\/v2\/posts\/36417","targetHints":{"allow":["GET"]}}],"collection":[{"href":"https:\/\/catolicanet.net\/wp-cnet\/wp-json\/wp\/v2\/posts"}],"about":[{"href":"https:\/\/catolicanet.net\/wp-cnet\/wp-json\/wp\/v2\/types\/post"}],"author":[{"embeddable":true,"href":"https:\/\/catolicanet.net\/wp-cnet\/wp-json\/wp\/v2\/users\/11"}],"replies":[{"embeddable":true,"href":"https:\/\/catolicanet.net\/wp-cnet\/wp-json\/wp\/v2\/comments?post=36417"}],"version-history":[{"count":1,"href":"https:\/\/catolicanet.net\/wp-cnet\/wp-json\/wp\/v2\/posts\/36417\/revisions"}],"predecessor-version":[{"id":36418,"href":"https:\/\/catolicanet.net\/wp-cnet\/wp-json\/wp\/v2\/posts\/36417\/revisions\/36418"}],"wp:featuredmedia":[{"embeddable":true,"href":"https:\/\/catolicanet.net\/wp-cnet\/wp-json\/wp\/v2\/media\/32781"}],"wp:attachment":[{"href":"https:\/\/catolicanet.net\/wp-cnet\/wp-json\/wp\/v2\/media?parent=36417"}],"wp:term":[{"taxonomy":"category","embeddable":true,"href":"https:\/\/catolicanet.net\/wp-cnet\/wp-json\/wp\/v2\/categories?post=36417"},{"taxonomy":"post_tag","embeddable":true,"href":"https:\/\/catolicanet.net\/wp-cnet\/wp-json\/wp\/v2\/tags?post=36417"}],"curies":[{"name":"wp","href":"https:\/\/api.w.org\/{rel}","templated":true}]}}