{"id":36415,"date":"2017-10-16T10:32:25","date_gmt":"2017-10-16T12:32:25","guid":{"rendered":"http:\/\/catolicanet.net\/wp-cnet\/?p=36415"},"modified":"2017-11-28T09:14:13","modified_gmt":"2017-11-28T11:14:13","slug":"marcelo-rezende-morreu-crendo-que-a-oracao-o-salvaria","status":"publish","type":"post","link":"https:\/\/catolicanet.net\/wp-cnet\/marcelo-rezende-morreu-crendo-que-a-oracao-o-salvaria\/","title":{"rendered":"Marcelo Rezende morreu crendo que a ora\u00e7\u00e3o o salvaria"},"content":{"rendered":"<p>\u201cDe todos os homens maus os homens maus religiosos s\u00e3o os piores\u201d.<br \/>\nC. S. Lewis<br \/>\nTe\u00f3logo, escritor, romancista, poeta, cr\u00edtico liter\u00e1rio e ensa\u00edsta<\/p>\n<p>Morreu no dia 16 de setembro de 2017 o jornalista e apresentador Marcelo Rezende aos 65 anos.<\/p>\n<p>O c\u00e2ncer que tinha no p\u00e2ncreas e f\u00edgado se espalhou pelo corpo. Trata-se de um tipo de c\u00e2ncer com alta incid\u00eancia de morte.\u00a0 Desesperado, ele tinha desistido da quimioterapia, passando a acreditar que obteria a cura por interm\u00e9dio de ora\u00e7\u00f5es. Reclamava dos efeitos colaterais do tratamento. \u201cEstou me recuperando\u201d, disse ele em um de seus \u00faltimos v\u00eddeos que postou no Instagram. A cada v\u00eddeo ele aparecia mais debilitado.<\/p>\n<p>No dia 14, ele foi internado \u00e0s pressas no hospital Moriah, que \u00e9 ligado \u00e0 Igreja Universal. O jornalista era apresentador do programa policial &#8220;Cidade Alerta&#8221;, da Rede Record. N\u00e3o se sabe quais seriam suas chances de recupera\u00e7\u00e3o caso continuasse o tratamento m\u00e9dico (1).<\/p>\n<p>Marcelo Rezende: a op\u00e7\u00e3o pelo tratamento alternativo<\/p>\n<p>Os \u00faltimos dias de vida do apresentador mostram o drama e a f\u00e9 de quem trocou o tratamento convencional de um c\u00e2ncer por outras terapias. Por mais de quatro meses, ele se cercou de mist\u00e9rio sobre os tratamentos espirituais a que recorreu. Quanto mais fortes as cr\u00edticas de amigos e familiares, mais se ilhava. Dizia que o pensamento negativo dissiparia as energias da recupera\u00e7\u00e3o.<\/p>\n<p>Na busca natural por resposta na f\u00e9, Rezende chegou a encontrar-se com um bispo no Templo de Salom\u00e3o, de Edir Macedo, dono da Record. Foi tamb\u00e9m com Geraldo Lu\u00eds, colega de emissora, ao centro espiritual de Jo\u00e3o de Deus, em Goi\u00e1s. Ali, ele lhe \u201crevelou\u201d: ele deveria se cuidar com o nutr\u00f3logo Lair Ribeiro, best-seller de livros de autoajuda nos anos 1990 e 2000. Por meio de sua assessoria de imprensa, o m\u00e9dium Jo\u00e3o de Deus, que nega o encontro, ressalta que n\u00e3o incentiva qualquer pessoa a abandonar seu tratamento (2).<br \/>\n\u201cEu estou a caminho, no meio da estrada, da farm\u00e1cia de Deus\u201d, explicou Marcelo. Ele estava acompanhado do amigo Geraldo Lu\u00eds, apelidado por ele de Shrek. \u201cShrek est\u00e1 me levando e n\u00f3s vamos ficar essa semana inteira em ora\u00e7\u00e3o, pedindo a Deus para que nos aben\u00e7oe\u201d. \u201cEu estou a caminho, no meio da estrada, da farm\u00e1cia de Deus. Agora, eu entro no segundo momento da minha cura. N\u00e3o s\u00f3 uma cura f\u00edsica, mas uma cura espiritual. Shrek est\u00e1 me levando e n\u00f3s vamos ficar essa semana inteira em ora\u00e7\u00e3o, pedindo a Deus para que nos aben\u00e7oe. Eu agrade\u00e7o o tanto que voc\u00ea est\u00e1 orando por mim, o tanto que voc\u00ea est\u00e1 do meu lado e \u00e9 isso que me deixa forte para seguir em frente. Am\u00e9m, um beijo e obrigado\u201d (3).<\/p>\n<p>\u201cTerr\u00edvel coisa para uma pessoa \u00e9 ouvir uma mentira religiosa, dada por uma autoridade religiosa. Ent\u00e3o quando algu\u00e9m vem mais tarde e tenta pregar o evangelho para esta pessoa, ela n\u00e3o vai querer escutar, porque uma mentira religiosa tem muito poder\u201d.<\/p>\n<p>Dr. Paul David Washer<br \/>\nMinistro batista reformado, te\u00f3logo, escritor e advogado<\/p>\n<p>O Dr. Sigmund Freud acertou em afirma que: \u201cA religi\u00e3o \u00e9 compar\u00e1vel a uma neurose da inf\u00e2ncia\u201d.<\/p>\n<p>Dr. A. In\u00e1cio Jos\u00e9 do Vale<br \/>\nPsicanalista Cl\u00ednico<br \/>\nProfessor e Conferencista<br \/>\nEspecialista em Psicologia Social<br \/>\nMembro da Sociedade Brasileira de Psican\u00e1lise Contempor\u00e2nea\/RJ. E da Ordem Nacional dos Psicanalistas\/RJ.<br \/>\nVisite o nosso Blog:<br \/>\nhttps:\/\/wordpress.com\/post\/psicanalise682.wordpress.com\/15<\/p>\n<p>Fontes:<\/p>\n<p>(1)http:\/\/www.paulopes.com.br\/2017\/09\/morre-marcelo-resende.html#.WePFSPmPLIV<br \/>\n(2)http:\/\/veja.abril.com.br\/revista-veja\/a-escolha-de-rezende\/<br \/>\n(3)http:\/\/www.correio24horas.com.br\/noticia\/nid\/ao-lado-de-geraldo-luis-marcelo-rezende-deixa-retiro-espiritual\/<\/p>\n","protected":false},"excerpt":{"rendered":"<p>\u201cDe todos os homens maus os homens maus religiosos s\u00e3o os piores\u201d. C. S. Lewis Te\u00f3logo, escritor, romancista, poeta, cr\u00edtico liter\u00e1rio e ensa\u00edsta Morreu no dia 16 de setembro de 2017 o jornalista e apresentador Marcelo Rezende aos 65 anos. O c\u00e2ncer que tinha no p\u00e2ncreas e f\u00edgado se espalhou pelo corpo. Trata-se de um [&hellip;]<\/p>\n","protected":false},"author":16,"featured_media":32788,"comment_status":"open","ping_status":"closed","sticky":false,"template":"","format":"standard","meta":{"footnotes":""},"categories":[9],"tags":[],"class_list":["post-36415","post","type-post","status-publish","format-standard","has-post-thumbnail","hentry","category-artigos"],"_links":{"self":[{"href":"https:\/\/catolicanet.net\/wp-cnet\/wp-json\/wp\/v2\/posts\/36415","targetHints":{"allow":["GET"]}}],"collection":[{"href":"https:\/\/catolicanet.net\/wp-cnet\/wp-json\/wp\/v2\/posts"}],"about":[{"href":"https:\/\/catolicanet.net\/wp-cnet\/wp-json\/wp\/v2\/types\/post"}],"author":[{"embeddable":true,"href":"https:\/\/catolicanet.net\/wp-cnet\/wp-json\/wp\/v2\/users\/16"}],"replies":[{"embeddable":true,"href":"https:\/\/catolicanet.net\/wp-cnet\/wp-json\/wp\/v2\/comments?post=36415"}],"version-history":[{"count":1,"href":"https:\/\/catolicanet.net\/wp-cnet\/wp-json\/wp\/v2\/posts\/36415\/revisions"}],"predecessor-version":[{"id":36416,"href":"https:\/\/catolicanet.net\/wp-cnet\/wp-json\/wp\/v2\/posts\/36415\/revisions\/36416"}],"wp:featuredmedia":[{"embeddable":true,"href":"https:\/\/catolicanet.net\/wp-cnet\/wp-json\/wp\/v2\/media\/32788"}],"wp:attachment":[{"href":"https:\/\/catolicanet.net\/wp-cnet\/wp-json\/wp\/v2\/media?parent=36415"}],"wp:term":[{"taxonomy":"category","embeddable":true,"href":"https:\/\/catolicanet.net\/wp-cnet\/wp-json\/wp\/v2\/categories?post=36415"},{"taxonomy":"post_tag","embeddable":true,"href":"https:\/\/catolicanet.net\/wp-cnet\/wp-json\/wp\/v2\/tags?post=36415"}],"curies":[{"name":"wp","href":"https:\/\/api.w.org\/{rel}","templated":true}]}}