{"id":36401,"date":"2017-10-11T00:00:34","date_gmt":"2017-10-11T03:00:34","guid":{"rendered":"http:\/\/catolicanet.net\/wp-cnet\/?p=36401"},"modified":"2017-11-27T16:48:23","modified_gmt":"2017-11-27T18:48:23","slug":"300-anos-de-fe-e-devocao-do-povo-brasileiro","status":"publish","type":"post","link":"https:\/\/catolicanet.net\/wp-cnet\/300-anos-de-fe-e-devocao-do-povo-brasileiro\/","title":{"rendered":"300 anos de f\u00e9 e devo\u00e7\u00e3o do Povo brasileiro"},"content":{"rendered":"<p>Neste aben\u00e7oado dia 12 de outubro de 2017 celebramos com grande j\u00fabilo e devo\u00e7\u00e3o a grande solenidade da Virgem Maria M\u00e3e de Deus, a Senhora da Concei\u00e7\u00e3o Aparecida, que carinhosamente gostamos de chamar-lhe de Nossa Senhora Aparecida. Ela \u00e9 a m\u00e3e morena, a Senhora Aparecida \u201csurgida das \u00e1guas\u201d do Rio Para\u00edba do Sul.\u00a0 A hist\u00f3ria da Nossa Senhora de Concei\u00e7\u00e3o Aparecida, a padroeira do Brasil, remonta-se ao ano 1717, quando os tr\u00eas pescadores lan\u00e7aram suas redes no Rio Para\u00edba do Sul, segundo narra as cr\u00f4nicas do milagre, a \u00e9poca n\u00e3o estava boa para pesca, at\u00e9 que na rede apareceu, separadamente, a cabe\u00e7a e o corpo da imagem que logo foi reconhecida como a Imaculada Concei\u00e7\u00e3o, a M\u00e3e de Deus e nossa. Assim se deu, em una barca, a primeira prociss\u00e3o no Brasil, com a imagem da Imaculada Concei\u00e7\u00e3o Aparecida. Ela foi proclamada Rainha do Brasil e sua Padroeira Principal em 16 de julho de 1930, por decreto do Papa Pio XI. A imagem j\u00e1 havia sido coroada anteriormente, em nome do papa Pio X, por decreto da Santa S\u00e9, em 1904. Em 1884 a imagem da Senhora morena passou a usar oficialmente uma coroa que fora ofertada pela Princesa Isabel, bem como o manto azul-marinho. A princesa ofertou decorrente um milagre alcan\u00e7ado por interm\u00e9dio da Virgem de Aparecida.<br \/>\nNosso povo est\u00e1 em festa, pois j\u00e1 s\u00e3o 300 anos de Aparecida, 300 anos de f\u00e9 e devo\u00e7\u00e3o do povo brasileiro, ela \u00e9 a Senhora dos cora\u00e7\u00f5es machucados, feridos, sem luz, m\u00e3e e companheira fiel que protege e guia seus filhos na estrada da vida, renovando\u00a0 a esperan\u00e7a em nossos cora\u00e7\u00f5es, pois ela \u00e9 a m\u00e3e da esperan\u00e7a que intercede e ilumine, acompanha nossas lutas, ang\u00fastias e fadigas, M\u00e3e morena, Senhora dos exclu\u00eddos, dos pequenos e oprimidos, companheira nas nossas desventuras, M\u00e3e dos pobres porque sempre nos aponta caminhos novos que conduz a\u00a0 paz e a liberdade. S\u00e3o 300 anos de Aparecida, 300 anos de presen\u00e7a da m\u00e3e, disc\u00edpula e mission\u00e1ria mestra da evangeliza\u00e7\u00e3o, uma porta sempre aberta conduzindo o povo ao amor de Deus que ama. Maria foi a primeira crist\u00e3, por isso \u00e9 modelo perfeito que nos inspira na f\u00e9 e na voca\u00e7\u00e3o crist\u00e3 do seguimento Jesus Cristo. Nossa Senhora \u00e9 a M\u00e3e querida, protetora de seu povo sofrido, \u00e9 a \u201cNegra Mariama\u201d como diria o saudoso Dom H\u00e9lder C\u00e2mara, pois sempre caminha combatendo a opress\u00e3o, em oposi\u00e7\u00e3o \u00e0s injusti\u00e7as, coloca-se sempre junto do seu povo sofrido como sinal de Esperan\u00e7a e Liberta\u00e7\u00e3o da parte de Deus Pai com seu famoso magnificat canto evang\u00e9lico de liberta\u00e7\u00e3o e vida em plenitude.<br \/>\nO eco do \u201cSim\u201d de Maria levou ao mundo a imagem real do Deus presente na hist\u00f3ria, pela presen\u00e7a do Emanuel o Deus presente no meio de n\u00f3s\u201d pelo seu filho Jesus Cristo, Dele o mundo alcan\u00e7ou o verdadeiro sol da justi\u00e7a. As trevas dissiparam-se e o mundo recebeu luz para a sua vida. Com ela, reconhecemos melhor o manancial da vida e da gra\u00e7a. Atrav\u00e9s da Maria, Deus colocou a nossa vida no rumo certo. Agora j\u00e1 n\u00f3s sabemos claramente de onde viemos e para onde iremos.<br \/>\nCom Maria torn\u00e1mo-nos participantes do banquete de Cristo; com Cristo comungamos da vida infinita do Pai. S\u00e3o tantos motivos para celebrar este 12 de outubro com um sentido jubilar de alegria e gratid\u00e3o ao Deus da vida por nos ter dado Maria como M\u00e3e, como companheira fiel que nos anima e nos encoraja nas lutas de nossa caminhada.\u00a0 M\u00e3e morena senhora deste povo t\u00e3o querido, mais tamb\u00e9m t\u00e3o sofrido obrigado por t\u00e3o grande amor maternal, porque sempre indica caminhos novos de esperan\u00e7a e paz neste novo alvorecer de um novo Brasil, justo e humano.\u00a0 Obrigado M\u00e3e Aparecida, Rainha e Padroeira do Brasil, por nos acompanhar e nos animar na caminhada por vezes t\u00e3o dif\u00edcil hoje queremos renovar nosso amor e nossa consagra\u00e7\u00e3o a ti m\u00e3e morena, t\u00e3o querida, nossa protetora fiel, consagramos ao teu cora\u00e7\u00e3o materno nosso Brasil de quem \u00e9s patrona e Rainha, am\u00e9m!<\/p>\n","protected":false},"excerpt":{"rendered":"<p>Neste aben\u00e7oado dia 12 de outubro de 2017 celebramos com grande j\u00fabilo e devo\u00e7\u00e3o a grande solenidade da Virgem Maria M\u00e3e de Deus, a Senhora da Concei\u00e7\u00e3o Aparecida, que carinhosamente gostamos de chamar-lhe de Nossa Senhora Aparecida. Ela \u00e9 a m\u00e3e morena, a Senhora Aparecida \u201csurgida das \u00e1guas\u201d do Rio Para\u00edba do Sul.\u00a0 A hist\u00f3ria [&hellip;]<\/p>\n","protected":false},"author":10,"featured_media":32785,"comment_status":"open","ping_status":"closed","sticky":false,"template":"","format":"standard","meta":{"footnotes":""},"categories":[9],"tags":[],"class_list":["post-36401","post","type-post","status-publish","format-standard","has-post-thumbnail","hentry","category-artigos"],"_links":{"self":[{"href":"https:\/\/catolicanet.net\/wp-cnet\/wp-json\/wp\/v2\/posts\/36401","targetHints":{"allow":["GET"]}}],"collection":[{"href":"https:\/\/catolicanet.net\/wp-cnet\/wp-json\/wp\/v2\/posts"}],"about":[{"href":"https:\/\/catolicanet.net\/wp-cnet\/wp-json\/wp\/v2\/types\/post"}],"author":[{"embeddable":true,"href":"https:\/\/catolicanet.net\/wp-cnet\/wp-json\/wp\/v2\/users\/10"}],"replies":[{"embeddable":true,"href":"https:\/\/catolicanet.net\/wp-cnet\/wp-json\/wp\/v2\/comments?post=36401"}],"version-history":[{"count":1,"href":"https:\/\/catolicanet.net\/wp-cnet\/wp-json\/wp\/v2\/posts\/36401\/revisions"}],"predecessor-version":[{"id":36402,"href":"https:\/\/catolicanet.net\/wp-cnet\/wp-json\/wp\/v2\/posts\/36401\/revisions\/36402"}],"wp:featuredmedia":[{"embeddable":true,"href":"https:\/\/catolicanet.net\/wp-cnet\/wp-json\/wp\/v2\/media\/32785"}],"wp:attachment":[{"href":"https:\/\/catolicanet.net\/wp-cnet\/wp-json\/wp\/v2\/media?parent=36401"}],"wp:term":[{"taxonomy":"category","embeddable":true,"href":"https:\/\/catolicanet.net\/wp-cnet\/wp-json\/wp\/v2\/categories?post=36401"},{"taxonomy":"post_tag","embeddable":true,"href":"https:\/\/catolicanet.net\/wp-cnet\/wp-json\/wp\/v2\/tags?post=36401"}],"curies":[{"name":"wp","href":"https:\/\/api.w.org\/{rel}","templated":true}]}}