{"id":3634,"date":"2013-12-02T03:00:00","date_gmt":"2013-12-02T05:00:00","guid":{"rendered":"http:\/\/catolicanet.net\/wp-cnet\/morre-o-irmao-lindgergh-pires-sj\/"},"modified":"2017-03-23T16:38:28","modified_gmt":"2017-03-23T19:38:28","slug":"morre-o-irmao-lindgergh-pires-sj","status":"publish","type":"post","link":"https:\/\/catolicanet.net\/wp-cnet\/morre-o-irmao-lindgergh-pires-sj\/","title":{"rendered":"Morre o irm\u00e3o Lindgergh Pires, SJ"},"content":{"rendered":"<p style=\"text-align: justify;\"><img decoding=\"async\" src=\"http:\/\/catolicanet.com.br\/images\/stories\/lindberghpires.jpg\" border=\"0\" align=\"left\" \/>Faleceu na manh\u00e3 desta segunda-feira (2\/12), no Real Hospital Portugu\u00eas, o Irm\u00e3o Lindbergh Pires. Ele esteve hospitalizado nas \u00faltimas semanas para cuidar de uma insufici\u00eancia respirat\u00f3ria. Seu quadro cl\u00ednico &#8230;foi se agravando progressivamente. O corpo ser\u00e1 velado no Santu\u00e1rio Nossa Senhora de F\u00e1tima, na noite de hoje, at\u00e9 as 22 horas, onde acontecer\u00e1 amanh\u00e3 a missa de corpo presente \u00e0s 14h30, seguida do sepultamento, \u00e0s 17 horas, no Cemit\u00e9rio de Santo Amaro.<br \/>Ir. Pires, era piauiense de Teresina, nascido em 10 de fevereiro de 1941. Entrou no Noviciado da Companhia de Jesus em 10 de fevereiro de 1963, em Itaici-SP, tendo como Mestre o Pe. Jo\u00e3o Bosco Burnier. Fez os \u00faltimos votos em Salvador no ano de 1980. Em Salvador, esteve como colaborador no Col\u00e9gio Ant\u00f4nio Vieira e Ministro da Resid\u00eancia entre os anos de 1971 a 1988. Neste per\u00edodo tamb\u00e9m ele estudou composi\u00e7\u00e3o e reg\u00eancia na Escola de M\u00fasica da UFBA. Em 1988, foi enviado para Teresina para ajudar no Col\u00e9gio S\u00e3o Francisco de Sales e ser tamb\u00e9m o Ministro da Resid\u00eancia. Em Teresina ele criou o Madrigal Vox Populi formado por alguns e ex-alunos do Col\u00e9gio. Em 1993, foi destinado para Recife, colaborando na Universidade Cat\u00f3lica e como regente do Madrigal da UNICAP.<br \/>Pires distinguiu-se como uma pessoa inteligente, artista e compositor. Dele continuam a ser cantadas muitos cantos celebrativos surgidos de sua inspira\u00e7\u00e3o musical e poesia apurada: \u201cSabe, Senhor, o que temos \u00e9 t\u00e3o pouco pra dar\u201d, \u201cGl\u00f3ria a Jesus na Eucaristia\u201d, \u201cVem, Maria, vem\u201d. Dele tamb\u00e9m a melodia da ora\u00e7\u00e3o de Santo In\u00e1cio mais cantada em nossas Casas e Obras.<br \/>Rezemos agradecendo a Deus a vida deste nosso irm\u00e3o que viveu bem durante os 72 anos de vida, dos quais 50 na Companhia de Jesus. Que o Bom Deus, Artista do Universo, o acolha em seu cora\u00e7\u00e3o. Em nossas preces e nas nossas Casas fa\u00e7am-se as ora\u00e7\u00f5es como de costume.<br \/>Padre Eliomar Ribeiro de Souza, S.J<br \/>S\u00f3cio Provincial<\/p>\n","protected":false},"excerpt":{"rendered":"<p>Faleceu na manh\u00e3 desta segunda-feira (2\/12), no Real Hospital Portugu\u00eas, o Irm\u00e3o Lindbergh Pires. Ele esteve hospitalizado nas \u00faltimas semanas para cuidar de uma insufici\u00eancia respirat\u00f3ria. Seu quadro cl\u00ednico &#8230;foi se agravando progressivamente. O corpo ser\u00e1 velado no Santu\u00e1rio Nossa Senhora de F\u00e1tima, na noite de hoje, at\u00e9 as 22 horas, onde acontecer\u00e1 amanh\u00e3 a [&hellip;]<\/p>\n","protected":false},"author":1,"featured_media":0,"comment_status":"closed","ping_status":"closed","sticky":false,"template":"","format":"standard","meta":{"footnotes":""},"categories":[4],"tags":[],"class_list":["post-3634","post","type-post","status-publish","format-standard","hentry","category-cotidiano"],"_links":{"self":[{"href":"https:\/\/catolicanet.net\/wp-cnet\/wp-json\/wp\/v2\/posts\/3634","targetHints":{"allow":["GET"]}}],"collection":[{"href":"https:\/\/catolicanet.net\/wp-cnet\/wp-json\/wp\/v2\/posts"}],"about":[{"href":"https:\/\/catolicanet.net\/wp-cnet\/wp-json\/wp\/v2\/types\/post"}],"author":[{"embeddable":true,"href":"https:\/\/catolicanet.net\/wp-cnet\/wp-json\/wp\/v2\/users\/1"}],"replies":[{"embeddable":true,"href":"https:\/\/catolicanet.net\/wp-cnet\/wp-json\/wp\/v2\/comments?post=3634"}],"version-history":[{"count":1,"href":"https:\/\/catolicanet.net\/wp-cnet\/wp-json\/wp\/v2\/posts\/3634\/revisions"}],"predecessor-version":[{"id":7764,"href":"https:\/\/catolicanet.net\/wp-cnet\/wp-json\/wp\/v2\/posts\/3634\/revisions\/7764"}],"wp:attachment":[{"href":"https:\/\/catolicanet.net\/wp-cnet\/wp-json\/wp\/v2\/media?parent=3634"}],"wp:term":[{"taxonomy":"category","embeddable":true,"href":"https:\/\/catolicanet.net\/wp-cnet\/wp-json\/wp\/v2\/categories?post=3634"},{"taxonomy":"post_tag","embeddable":true,"href":"https:\/\/catolicanet.net\/wp-cnet\/wp-json\/wp\/v2\/tags?post=3634"}],"curies":[{"name":"wp","href":"https:\/\/api.w.org\/{rel}","templated":true}]}}