{"id":36327,"date":"2017-09-09T00:00:09","date_gmt":"2017-09-09T03:00:09","guid":{"rendered":"http:\/\/catolicanet.net\/wp-cnet\/?p=36327"},"modified":"2017-11-27T16:03:22","modified_gmt":"2017-11-27T18:03:22","slug":"o-grito","status":"publish","type":"post","link":"https:\/\/catolicanet.net\/wp-cnet\/o-grito\/","title":{"rendered":"O grito"},"content":{"rendered":"<p>O dicion\u00e1rio Aur\u00e9lio define o grito como \u201cvoz, geralmente aguda e elevada, de modo que se possa ouvir de longe; brado; vozes inarticuladas emitidas por quem sente dor, alegria, espanto\u201d. O grito enquanto ru\u00eddo, rugido, clamor, palavra n\u00e3o articulada indica simplesmente que algu\u00e9m est\u00e1 sofrendo. O grito n\u00e3o \u00e9 um racioc\u00ednio articulado. N\u00e3o \u00e9 uma frase completa. N\u00e3o tem argumenta\u00e7\u00e3o l\u00f3gica.<br \/>\nO primeiro argumento que todos usam para chamar aten\u00e7\u00e3o para satisfazerem suas necessidades b\u00e1sicas, como rec\u00e9m-nascidos, \u00e9 o choro. Muito parecido com o grito. Talvez mais grito que choro. Era o \u00fanico recurso. Prontamente os cuidadores procuram interpretar o significado daquele ru\u00eddo estridente. Por isso o grito tem um grande potencial comunicativo. Interpela o interlocutor por meio da emo\u00e7\u00e3o e do susto.<br \/>\nO pintor noruegu\u00eas Edvard Munch (1863-1944) pintou em 1893 a obra \u201cO Grito\u201d. Uma pintura que retrata ang\u00fastia e desespero. Esta obra foi leiloada em 02 de maio de 2012 por US$ 119,9 milh\u00f5es, tornando-se a pintura mais cara da hist\u00f3ria a ser vendida em leil\u00e3o. Os cr\u00edticos de arte afirmam que neste quadro \u201ca dor do grito est\u00e1 presente n\u00e3o s\u00f3 no personagem, mas tamb\u00e9m no fundo, o que destaca que a vida para quem sofre n\u00e3o \u00e9 como as outras pessoas a enxergam, a paisagem fica dolorosa tamb\u00e9m, e talvez por esta caracter\u00edstica do quadro \u00e9 que nos identificamos tanto com ele e podemos sentir a dor e o grito do personagem\u201d. Esta interpreta\u00e7\u00e3o aponta que o valor do quadro alcan\u00e7ado no leil\u00e3o n\u00e3o est\u00e1 s\u00f3 na qualidade art\u00edstica, mas principalmente no tema retratado: o grito angustiado e desesperado.<br \/>\nNo dia 07 de setembro aconteceu o 23\u00ba \u201cGrito dos Exclu\u00eddos\u201d. Um momento c\u00edvico constru\u00eddo com a participa\u00e7\u00e3o das comunidades crist\u00e3s, movimentos, pastorais sociais e organiza\u00e7\u00f5es da sociedade civil. O tema deste ano foi \u201cVida em primeiro lugar\u201d, e o lema: \u201cPor direito e democracia, a luta \u00e9 de todo dia\u201d.<br \/>\n\u00c9 um grito dentro de um contexto de profunda crise \u00e9tica que vive a sociedade brasileira. A crise \u00e9tica que tem levado a decis\u00f5es pol\u00edticas, econ\u00f4micas e jur\u00eddicas que agravam situa\u00e7\u00f5es de exclus\u00e3o e penalizam, principalmente, o povo brasileiro pobre. O grito \u00e9 \u00faltimo recurso e talvez o \u00fanico que resta para aqueles que nada ou quase nada tem para a vida digna ou s\u00e3o despidos da sua dignidade. Simplesmente gritam: Tenho fome! Tenho sede! N\u00e3o me mates! Tenham compaix\u00e3o de mim!<br \/>\nPassagens b\u00edblicas refletem que Deus n\u00e3o fica indiferente diante daqueles que clamam. \u201cO Senhor lhe disse: Eu vi a opress\u00e3o de meu povo no Egito, ouvi o grito de afli\u00e7\u00e3o diante dos opressores e tomei conhecimento de seus sofrimentos. Desci para libert\u00e1-los &#8230;. (\u00caxodo 3,7-8) \u201cO grito de afli\u00e7\u00e3o dos israelitas chegou at\u00e9 mim (Ex. 3,9). \u201cAo ver as multid\u00f5es, Jesus encheu-se de compaix\u00e3o por elas, porque estavam cansadas e abatidas, como ovelhas sem pastor\u201d (Mt 9,36). \u201cMas um samaritano, que estava viajando, chegou perto dele, viu, e moveu-se de compaix\u00e3o. Aproximou-se dele e tratou-lhes as feridas &#8230;\u201d (Lucas 10, 33-34).<br \/>\nO grito provoca rea\u00e7\u00e3o imediata porque est\u00e1 em causa uma necessidade vital, que tem preced\u00eancia e urg\u00eancia. Ouvir o grito dos necessitados desencadeia um processo de forma\u00e7\u00e3o da consci\u00eancia \u00e9tica e de compromisso com o outro. \u00c9 um apelo para construir ins<\/p>\n","protected":false},"excerpt":{"rendered":"<p>O dicion\u00e1rio Aur\u00e9lio define o grito como \u201cvoz, geralmente aguda e elevada, de modo que se possa ouvir de longe; brado; vozes inarticuladas emitidas por quem sente dor, alegria, espanto\u201d. O grito enquanto ru\u00eddo, rugido, clamor, palavra n\u00e3o articulada indica simplesmente que algu\u00e9m est\u00e1 sofrendo. O grito n\u00e3o \u00e9 um racioc\u00ednio articulado. N\u00e3o \u00e9 uma [&hellip;]<\/p>\n","protected":false},"author":18,"featured_media":32780,"comment_status":"open","ping_status":"closed","sticky":false,"template":"","format":"standard","meta":{"footnotes":""},"categories":[9],"tags":[],"class_list":["post-36327","post","type-post","status-publish","format-standard","has-post-thumbnail","hentry","category-artigos"],"_links":{"self":[{"href":"https:\/\/catolicanet.net\/wp-cnet\/wp-json\/wp\/v2\/posts\/36327","targetHints":{"allow":["GET"]}}],"collection":[{"href":"https:\/\/catolicanet.net\/wp-cnet\/wp-json\/wp\/v2\/posts"}],"about":[{"href":"https:\/\/catolicanet.net\/wp-cnet\/wp-json\/wp\/v2\/types\/post"}],"author":[{"embeddable":true,"href":"https:\/\/catolicanet.net\/wp-cnet\/wp-json\/wp\/v2\/users\/18"}],"replies":[{"embeddable":true,"href":"https:\/\/catolicanet.net\/wp-cnet\/wp-json\/wp\/v2\/comments?post=36327"}],"version-history":[{"count":1,"href":"https:\/\/catolicanet.net\/wp-cnet\/wp-json\/wp\/v2\/posts\/36327\/revisions"}],"predecessor-version":[{"id":36328,"href":"https:\/\/catolicanet.net\/wp-cnet\/wp-json\/wp\/v2\/posts\/36327\/revisions\/36328"}],"wp:featuredmedia":[{"embeddable":true,"href":"https:\/\/catolicanet.net\/wp-cnet\/wp-json\/wp\/v2\/media\/32780"}],"wp:attachment":[{"href":"https:\/\/catolicanet.net\/wp-cnet\/wp-json\/wp\/v2\/media?parent=36327"}],"wp:term":[{"taxonomy":"category","embeddable":true,"href":"https:\/\/catolicanet.net\/wp-cnet\/wp-json\/wp\/v2\/categories?post=36327"},{"taxonomy":"post_tag","embeddable":true,"href":"https:\/\/catolicanet.net\/wp-cnet\/wp-json\/wp\/v2\/tags?post=36327"}],"curies":[{"name":"wp","href":"https:\/\/api.w.org\/{rel}","templated":true}]}}