{"id":36291,"date":"2017-08-25T16:38:48","date_gmt":"2017-08-25T19:38:48","guid":{"rendered":"http:\/\/catolicanet.net\/wp-cnet\/?p=36291"},"modified":"2017-11-27T15:36:33","modified_gmt":"2017-11-27T17:36:33","slug":"dia-do-catequista-a-vocacao-leiga","status":"publish","type":"post","link":"https:\/\/catolicanet.net\/wp-cnet\/dia-do-catequista-a-vocacao-leiga\/","title":{"rendered":"Dia do catequista: a voca\u00e7\u00e3o leiga"},"content":{"rendered":"<p>H\u00e1 quem diga que a Igreja s\u00f3 passou a valorizar, devidamente, o leigo a partir do Conc\u00edlio Vaticano II (1962-1965). Sem entrar no m\u00e9rito da cr\u00edtica, \u00e9 importante lembrar que j\u00e1 entre os Padres (no sentido de pais, n\u00e3o de sacerdotes) da Igreja, nos primeiros tempos do Cristianismo, havia leigos de grande valor, trabalhando na formula\u00e7\u00e3o da reta f\u00e9.<br \/>\nAinda, a grande maioria dos moradores de cidades do interior ou da ro\u00e7a, foram muito bem catequizados por benem\u00e9ritas mo\u00e7as ou senhoras dedicadas \u00e0 vida da Igreja. \u00c0s vezes, gente santa ligada, ou n\u00e3o, a alguma ordem religiosa: oblatos\/as de algum mosteiro ou membros das, ent\u00e3o, chamadas Ordens Terceiras do Carmo, Franciscana, Dominicana etc.<br \/>\nA partir dos anos de 1940, aparecem tamb\u00e9m os Institutos Seculares e o (a) consagrado(a) vive em casa uma vida de entrega a Deus e ao pr\u00f3ximo. Hoje, h\u00e1 muitas e importantes Comunidades de Vida formadas por leigos\/as atuantes em diversas partes do mundo, incluindo, \u00e9 \u00f3bvio, nossa diocese; sem falar em leigos e leigas que, neste grande pa\u00eds, dirigem comunidades e a levam adiante como ministros da Palavra e da Comunh\u00e3o entre outras importantes fun\u00e7\u00f5es.<br \/>\nOs nossos amados leigos e leigos, queridos irm\u00e3os batizados, t\u00eam papel muito importante na Igreja por conta da voca\u00e7\u00e3o que receberam pelo batismo e pela crisma. Especificamente eles s\u00e3o convidados a serem testemunhas de Jesus crucificado e ressuscitado, tendo a miss\u00e3o de dinamizar as comunidades, sob a orienta\u00e7\u00f5es dos sacerdotes. Os batizados est\u00e3o presentes nos grupos, pastorais e movimentos da Igreja, como viva express\u00e3o do consolo, da miseric\u00f3rdia, do cuidado com os que mais precisam e no testemunho do Evangelho.<br \/>\nPor isso, dentre as grandes miss\u00f5es dos batizados, ressalta-se a do catequista, como educador da f\u00e9 crist\u00e3. Quem n\u00e3o se lembra de seu catequista. Neste final de semana somos chamados a agradecer a Deus este generoso servi\u00e7o que eles nos prestaram. O Papa Francisco disse que: \u201cSer\u2019 catequistas requer amor, amor sempre mais forte por Cristo e amor pelo seu povo santo.\u201d O Papa ainda recordou aos catequistas uma frase que S\u00e3o Francisco dizia aos seus confrades: \u201cPregai sempre o Evangelho, e se for necess\u00e1rio, use palavras\u201d, refor\u00e7ando como \u00e9 importante o exemplo dado.<br \/>\nPe\u00e7amos, irm\u00e3os e irm\u00e3s, sempre, mas, de um modo muito especial neste m\u00eas de agosto, m\u00eas vocacional, quem o Senhor da messe envie oper\u00e1rios para a sua messe em todos os segmentos eclesiais. Parab\u00e9ns, de modo especial, a todos os catequistas!<\/p>\n","protected":false},"excerpt":{"rendered":"<p>H\u00e1 quem diga que a Igreja s\u00f3 passou a valorizar, devidamente, o leigo a partir do Conc\u00edlio Vaticano II (1962-1965). Sem entrar no m\u00e9rito da cr\u00edtica, \u00e9 importante lembrar que j\u00e1 entre os Padres (no sentido de pais, n\u00e3o de sacerdotes) da Igreja, nos primeiros tempos do Cristianismo, havia leigos de grande valor, trabalhando na [&hellip;]<\/p>\n","protected":false},"author":10,"featured_media":32785,"comment_status":"open","ping_status":"closed","sticky":false,"template":"","format":"standard","meta":{"footnotes":""},"categories":[9],"tags":[],"class_list":["post-36291","post","type-post","status-publish","format-standard","has-post-thumbnail","hentry","category-artigos"],"_links":{"self":[{"href":"https:\/\/catolicanet.net\/wp-cnet\/wp-json\/wp\/v2\/posts\/36291","targetHints":{"allow":["GET"]}}],"collection":[{"href":"https:\/\/catolicanet.net\/wp-cnet\/wp-json\/wp\/v2\/posts"}],"about":[{"href":"https:\/\/catolicanet.net\/wp-cnet\/wp-json\/wp\/v2\/types\/post"}],"author":[{"embeddable":true,"href":"https:\/\/catolicanet.net\/wp-cnet\/wp-json\/wp\/v2\/users\/10"}],"replies":[{"embeddable":true,"href":"https:\/\/catolicanet.net\/wp-cnet\/wp-json\/wp\/v2\/comments?post=36291"}],"version-history":[{"count":1,"href":"https:\/\/catolicanet.net\/wp-cnet\/wp-json\/wp\/v2\/posts\/36291\/revisions"}],"predecessor-version":[{"id":36292,"href":"https:\/\/catolicanet.net\/wp-cnet\/wp-json\/wp\/v2\/posts\/36291\/revisions\/36292"}],"wp:featuredmedia":[{"embeddable":true,"href":"https:\/\/catolicanet.net\/wp-cnet\/wp-json\/wp\/v2\/media\/32785"}],"wp:attachment":[{"href":"https:\/\/catolicanet.net\/wp-cnet\/wp-json\/wp\/v2\/media?parent=36291"}],"wp:term":[{"taxonomy":"category","embeddable":true,"href":"https:\/\/catolicanet.net\/wp-cnet\/wp-json\/wp\/v2\/categories?post=36291"},{"taxonomy":"post_tag","embeddable":true,"href":"https:\/\/catolicanet.net\/wp-cnet\/wp-json\/wp\/v2\/tags?post=36291"}],"curies":[{"name":"wp","href":"https:\/\/api.w.org\/{rel}","templated":true}]}}