{"id":36242,"date":"2017-10-30T00:00:58","date_gmt":"2017-10-30T02:00:58","guid":{"rendered":"http:\/\/catolicanet.net\/wp-cnet\/?p=36242"},"modified":"2017-11-27T15:03:36","modified_gmt":"2017-11-27T17:03:36","slug":"explosao-de-dois-carros-bomba-mata-14-na-capital-da-somalia","status":"publish","type":"post","link":"https:\/\/catolicanet.net\/wp-cnet\/explosao-de-dois-carros-bomba-mata-14-na-capital-da-somalia\/","title":{"rendered":"Explos\u00e3o de dois carros-bomba mata 14 na capital da Som\u00e1lia"},"content":{"rendered":"<p>Ao menos 14 pessoas morreram neste s\u00e1bado (28) na explos\u00e3o de dois carros-bomba perto de um hotel do norte da capital somali, Mogad\u00edscio, onde tamb\u00e9m se ouviram disparos, informaram um novo balan\u00e7o de fontes de seguran\u00e7a.<\/p>\n<p>\u201cAo menos 14 pessoas, a maioria civis, morreram\u201d, declarou um encarregado das for\u00e7as de seguran\u00e7a, Mohamed Moalim Adan.<\/p>\n<p>Foram ouvidos disparos e, aparentemente, dois combatentes islamitas do grupo Al Shabab, estariam dentro do hotel Nasa Bablob.<\/p>\n<p>Um balan\u00e7o anterior havia reportado tr\u00eas mortos. Um alto funcion\u00e1rio da Pol\u00edcia e um ex-deputado est\u00e3o ente as v\u00edtimas.<\/p>\n<p>\u201cUm carro-bomba explodiu na entrada do hotel Nasa Hablob, ao que se seguiram disparos. N\u00e3o temos os detalhes, mas parece um ataque coordenado. Um micro-\u00f4nibus-bomba tamb\u00e9m explodiu em um cruzamento pr\u00f3ximo\u201d, declarou \u00e0 AFP Ibrahim Mohamed, autoridade policial.<\/p>\n<p>\u201cHouve v\u00edtimas, mas ainda n\u00e3o temos nenhuma cifra\u201d, acrescentou. Um fot\u00f3grafo da AFP viu duas pessoas ca\u00eddas no ch\u00e3o, mas n\u00e3o p\u00f4de determinar se estavam mortas.<\/p>\n<p>Uma testemunha, o taxista Salah Ahmed, disse que havia quatro mortos. \u201cVi como retiravam do local os corpos de quatro pessoas mortas e havia ambul\u00e2ncias que se dirigiam para l\u00e1\u201d, assegurou.<\/p>\n<p>Outra testemunha, Yusuf Moalim, disse ter visto o corpo de uma alta autoridade policial, cujo ve\u00edculo estava perto da entrada do hotel quando ocorreu a explos\u00e3o.<\/p>\n<p>V\u00e1rias testemunhas confirmaram que as duas explos\u00f5es foram seguidas de disparos. Mas a \u00e1rea estava isolada pelos servi\u00e7os de seguran\u00e7a e n\u00e3o se p\u00f4de determinar se os homens armados atacaram o hotel.<\/p>\n<p>Os militares islamitas do grupo Al Shabab costumam detonar carros-bomba nas entradas de hot\u00e9is e edif\u00edcios p\u00fablicos antes de enviar homens armados ao seu interior para provocar o maior n\u00famero de v\u00edtimas.<\/p>\n<p>\u201cOs combatentes mujahedines est\u00e3o dentro do hotel Nasa Hablod 2, onde se alojam altos funcion\u00e1rios ap\u00f3statas\u201d, indicou um site pr\u00f3-Al Shabab, citando a R\u00e1dio Andalus, emissora do Al Shabab.<\/p>\n<p>O atentado n\u00e3o foi reivindicado, mas as autoridades acreditam que tenha sido organizado por militantes do Al Shabab, ligados \u00e0 Al Qaeda.<\/p>\n<p>Militantes do Al Shabab prometeram acabar com o fr\u00e1gil governo central da Som\u00e1lia. Foram expulsos de Mogad\u00edscio em agosto de 2011, ap\u00f3s o que perderam a maior parte de seus redutos.<\/p>\n<p>No entanto, continuam controlando extensas \u00e1reas rurais, onde realizam opera\u00e7\u00f5es de guerrilha e atentados suicidas, frequentemente na capital ou contra bases militares, somalis ou estrangeiras.<\/p>\n<p>&nbsp;<\/p>\n<p>Fonte: Aleteia<\/p>\n","protected":false},"excerpt":{"rendered":"<p>Ao menos 14 pessoas morreram neste s\u00e1bado (28) na explos\u00e3o de dois carros-bomba perto de um hotel do norte da capital somali, Mogad\u00edscio, onde tamb\u00e9m se ouviram disparos, informaram um novo balan\u00e7o de fontes de seguran\u00e7a. \u201cAo menos 14 pessoas, a maioria civis, morreram\u201d, declarou um encarregado das for\u00e7as de seguran\u00e7a, Mohamed Moalim Adan. Foram [&hellip;]<\/p>\n","protected":false},"author":1,"featured_media":36243,"comment_status":"open","ping_status":"closed","sticky":false,"template":"","format":"standard","meta":{"footnotes":""},"categories":[4,13],"tags":[],"class_list":["post-36242","post","type-post","status-publish","format-standard","has-post-thumbnail","hentry","category-cotidiano","category-featured"],"_links":{"self":[{"href":"https:\/\/catolicanet.net\/wp-cnet\/wp-json\/wp\/v2\/posts\/36242","targetHints":{"allow":["GET"]}}],"collection":[{"href":"https:\/\/catolicanet.net\/wp-cnet\/wp-json\/wp\/v2\/posts"}],"about":[{"href":"https:\/\/catolicanet.net\/wp-cnet\/wp-json\/wp\/v2\/types\/post"}],"author":[{"embeddable":true,"href":"https:\/\/catolicanet.net\/wp-cnet\/wp-json\/wp\/v2\/users\/1"}],"replies":[{"embeddable":true,"href":"https:\/\/catolicanet.net\/wp-cnet\/wp-json\/wp\/v2\/comments?post=36242"}],"version-history":[{"count":1,"href":"https:\/\/catolicanet.net\/wp-cnet\/wp-json\/wp\/v2\/posts\/36242\/revisions"}],"predecessor-version":[{"id":36244,"href":"https:\/\/catolicanet.net\/wp-cnet\/wp-json\/wp\/v2\/posts\/36242\/revisions\/36244"}],"wp:featuredmedia":[{"embeddable":true,"href":"https:\/\/catolicanet.net\/wp-cnet\/wp-json\/wp\/v2\/media\/36243"}],"wp:attachment":[{"href":"https:\/\/catolicanet.net\/wp-cnet\/wp-json\/wp\/v2\/media?parent=36242"}],"wp:term":[{"taxonomy":"category","embeddable":true,"href":"https:\/\/catolicanet.net\/wp-cnet\/wp-json\/wp\/v2\/categories?post=36242"},{"taxonomy":"post_tag","embeddable":true,"href":"https:\/\/catolicanet.net\/wp-cnet\/wp-json\/wp\/v2\/tags?post=36242"}],"curies":[{"name":"wp","href":"https:\/\/api.w.org\/{rel}","templated":true}]}}