{"id":36233,"date":"2017-10-25T00:00:30","date_gmt":"2017-10-25T02:00:30","guid":{"rendered":"http:\/\/catolicanet.net\/wp-cnet\/?p=36233"},"modified":"2017-11-27T14:59:31","modified_gmt":"2017-11-27T16:59:31","slug":"assassinam-sacerdote-catolico-no-quenia","status":"publish","type":"post","link":"https:\/\/catolicanet.net\/wp-cnet\/assassinam-sacerdote-catolico-no-quenia\/","title":{"rendered":"Assassinam sacerdote cat\u00f3lico no Qu\u00eania"},"content":{"rendered":"<p>Um sacerdote cat\u00f3lico foi encontrado inconsciente no domingo, 22 de outubro, com sinais claros de espancamento no Qu\u00eania. Foi levado imediatamente a um hospital onde infelizmente morreu algumas horas depois.<\/p>\n<p>Segundo informa\u00e7\u00f5es da ag\u00eancia vaticana Fides, o Pe. Evans Juma Oduor foi encontrado com marcas de agress\u00f5es perto de uma planta\u00e7\u00e3o de cana-de-a\u00e7\u00facar, pr\u00f3ximo ao Chiga Market Center, em Muhoroni, a 30 quil\u00f4metros do convento de Nyabondo. Al\u00e9m disso, seu carro foi queimado a cinco quil\u00f4metros de onde o seu corpo foi encontrado.<\/p>\n<p><img loading=\"lazy\" decoding=\"async\" class=\"alignright\" src=\"https:\/\/www.avvenire.it\/c\/2017\/PublishingImages\/e822f84e25a74f948816e118fef1e431\/ken1.jpg?width=1024\" width=\"220\" height=\"147\" border=\"0\" \/><\/p>\n<p>O sacerdote era p\u00e1roco na igreja de Sigomore, que faz parte da Arquidiocese de Kisumu, no oeste do Qu\u00eania.<\/p>\n<p>Segundo a imprensa local, h\u00e1 duas semanas o sacerdote pediu publicamente que governo parasse de assassinar os Luo, a etnia de Raila Odinga, o principal rival do presidente que est\u00e1 de sa\u00edda, Uhuru Kenyatta, nas elei\u00e7\u00f5es presidenciais em 8 de agosto. Essas elei\u00e7\u00f5es foram anuladas pelo Tribunal Supremo do Qu\u00eania logo depois de uma den\u00fancia apresentada por Odinga.<\/p>\n<p><img loading=\"lazy\" decoding=\"async\" class=\"alignleft\" src=\"https:\/\/www.avvenire.it\/c\/\/2017\/PublishingImages\/e822f84e25a74f948816e118fef1e431\/ken.jpg?width=620\" width=\"280\" height=\"187\" border=\"0\" \/>A tens\u00e3o no Qu\u00eania \u00e9 muito alta na v\u00e9spera da nova vota\u00e7\u00e3o presidencial que se realizar\u00e1 na quinta-feira, 26 de outubro, e que sofre o boicote de Raila Odinga, em protesto por n\u00e3o ter aceitado o seu pedido de revis\u00e3o da composi\u00e7\u00e3o da Comiss\u00e3o Eleitoral Independente (IEBC), acusada de estar do lado do presidente Kenyatta.<\/p>\n<p>O Tribunal Supremo anulou a vota\u00e7\u00e3o do dia 8 de agosto assinalando que a IEBC \u201cignorou ou se recusou a realizar as elei\u00e7\u00f5es presidenciais de acordo com os ditames da Constitui\u00e7\u00e3o\u201d.<\/p>\n<p>Nos \u00faltimos dias, durante os confrontos com a pol\u00edcia, morreram mais de 40 pessoas.<\/p>\n<p>&nbsp;<\/p>\n<p>Fonte: Acidigital<\/p>\n","protected":false},"excerpt":{"rendered":"<p>Um sacerdote cat\u00f3lico foi encontrado inconsciente no domingo, 22 de outubro, com sinais claros de espancamento no Qu\u00eania. Foi levado imediatamente a um hospital onde infelizmente morreu algumas horas depois. Segundo informa\u00e7\u00f5es da ag\u00eancia vaticana Fides, o Pe. Evans Juma Oduor foi encontrado com marcas de agress\u00f5es perto de uma planta\u00e7\u00e3o de cana-de-a\u00e7\u00facar, pr\u00f3ximo ao [&hellip;]<\/p>\n","protected":false},"author":1,"featured_media":36234,"comment_status":"open","ping_status":"closed","sticky":false,"template":"","format":"standard","meta":{"footnotes":""},"categories":[4,13],"tags":[],"class_list":["post-36233","post","type-post","status-publish","format-standard","has-post-thumbnail","hentry","category-cotidiano","category-featured"],"_links":{"self":[{"href":"https:\/\/catolicanet.net\/wp-cnet\/wp-json\/wp\/v2\/posts\/36233","targetHints":{"allow":["GET"]}}],"collection":[{"href":"https:\/\/catolicanet.net\/wp-cnet\/wp-json\/wp\/v2\/posts"}],"about":[{"href":"https:\/\/catolicanet.net\/wp-cnet\/wp-json\/wp\/v2\/types\/post"}],"author":[{"embeddable":true,"href":"https:\/\/catolicanet.net\/wp-cnet\/wp-json\/wp\/v2\/users\/1"}],"replies":[{"embeddable":true,"href":"https:\/\/catolicanet.net\/wp-cnet\/wp-json\/wp\/v2\/comments?post=36233"}],"version-history":[{"count":1,"href":"https:\/\/catolicanet.net\/wp-cnet\/wp-json\/wp\/v2\/posts\/36233\/revisions"}],"predecessor-version":[{"id":36235,"href":"https:\/\/catolicanet.net\/wp-cnet\/wp-json\/wp\/v2\/posts\/36233\/revisions\/36235"}],"wp:featuredmedia":[{"embeddable":true,"href":"https:\/\/catolicanet.net\/wp-cnet\/wp-json\/wp\/v2\/media\/36234"}],"wp:attachment":[{"href":"https:\/\/catolicanet.net\/wp-cnet\/wp-json\/wp\/v2\/media?parent=36233"}],"wp:term":[{"taxonomy":"category","embeddable":true,"href":"https:\/\/catolicanet.net\/wp-cnet\/wp-json\/wp\/v2\/categories?post=36233"},{"taxonomy":"post_tag","embeddable":true,"href":"https:\/\/catolicanet.net\/wp-cnet\/wp-json\/wp\/v2\/tags?post=36233"}],"curies":[{"name":"wp","href":"https:\/\/api.w.org\/{rel}","templated":true}]}}