{"id":36230,"date":"2017-10-25T00:00:53","date_gmt":"2017-10-25T02:00:53","guid":{"rendered":"http:\/\/catolicanet.net\/wp-cnet\/?p=36230"},"modified":"2017-11-27T14:57:48","modified_gmt":"2017-11-27T16:57:48","slug":"papa-publicara-seu-primeiro-livro-sobre-a-america-latina","status":"publish","type":"post","link":"https:\/\/catolicanet.net\/wp-cnet\/papa-publicara-seu-primeiro-livro-sobre-a-america-latina\/","title":{"rendered":"Papa publicar\u00e1 seu primeiro livro sobre a Am\u00e9rica Latina"},"content":{"rendered":"<p>Cidade do Vaticano (RV) &#8211; O Papa Francisco publicar\u00e1 no final de outubro seu primeiro livro sobre a Am\u00e9rica Latina, redigido a partir de uma s\u00e9rie de entrevistas concedidas ao jornalista argentino Hern\u00e1n Reyes.<\/p>\n<p>O libro-entrevista ser\u00e1 o primeiro publicado com um jornalista n\u00e3o-europeu e surge dos encontros com Francisco em julho e agosto passados na Casa Santa Marta, resid\u00eancia do Pont\u00edfice.<\/p>\n<p>&nbsp;<\/p>\n<p><a href=\"http:\/\/media02.radiovaticana.va\/audio\/audio2\/mp3\/00600395.mp3\">Clique aqui para ouvir:<\/a><\/p>\n<p>&nbsp;<\/p>\n<p>\u201cAm\u00e9rica Latina, conversas com Hern\u00e1n Reyes Alcaide\u201d celebra os dez anos da Confer\u00eancia do Episcopado da Am\u00e9rica Latina e Caribe, realizada em Aparecida, e repassa temas como o papel da mulher na Igreja, a pastoral carcer\u00e1ria, as experi\u00eancias de di\u00e1logo inter-religioso e ecum\u00eanico, o destino do que define como a \u201cP\u00e1tria Grande\u201d latino-americana e seus pol\u00edticos.<\/p>\n<p>\u00c9 a primeira vez que o Papa se dedica a falar de seu continente e o faz respondendo \u00e0s perguntas de um jovem compatriota, 33 anos, correspondente da ag\u00eancia Telam no Vaticano desde maio de 2015.<\/p>\n<p>O livro se desenvolve em seis eixos tem\u00e1ticos que incluem \u201cos desafios da e a partir da religi\u00e3o\u201d, \u201co retrato do pol\u00edtico cat\u00f3lico latino-americano\u201d, as crises econ\u00f4micas e pol\u00edticas na Am\u00e9rica Latina o papel do Vaticano nelas.<\/p>\n<p>Editado por Planeta, o livro estar\u00e1 \u00e0 venda na Argentina a partir de 30 de outubro e posteriormente em outros pa\u00edses latino-americanos.<\/p>\n<p>&nbsp;<\/p>\n<p>Fonte: R\u00e1dio Vaticano<\/p>\n","protected":false},"excerpt":{"rendered":"<p>Cidade do Vaticano (RV) &#8211; O Papa Francisco publicar\u00e1 no final de outubro seu primeiro livro sobre a Am\u00e9rica Latina, redigido a partir de uma s\u00e9rie de entrevistas concedidas ao jornalista argentino Hern\u00e1n Reyes. O libro-entrevista ser\u00e1 o primeiro publicado com um jornalista n\u00e3o-europeu e surge dos encontros com Francisco em julho e agosto passados [&hellip;]<\/p>\n","protected":false},"author":1,"featured_media":36231,"comment_status":"open","ping_status":"closed","sticky":false,"template":"","format":"standard","meta":{"footnotes":""},"categories":[13,3],"tags":[],"class_list":["post-36230","post","type-post","status-publish","format-standard","has-post-thumbnail","hentry","category-featured","category-vaticano"],"_links":{"self":[{"href":"https:\/\/catolicanet.net\/wp-cnet\/wp-json\/wp\/v2\/posts\/36230","targetHints":{"allow":["GET"]}}],"collection":[{"href":"https:\/\/catolicanet.net\/wp-cnet\/wp-json\/wp\/v2\/posts"}],"about":[{"href":"https:\/\/catolicanet.net\/wp-cnet\/wp-json\/wp\/v2\/types\/post"}],"author":[{"embeddable":true,"href":"https:\/\/catolicanet.net\/wp-cnet\/wp-json\/wp\/v2\/users\/1"}],"replies":[{"embeddable":true,"href":"https:\/\/catolicanet.net\/wp-cnet\/wp-json\/wp\/v2\/comments?post=36230"}],"version-history":[{"count":1,"href":"https:\/\/catolicanet.net\/wp-cnet\/wp-json\/wp\/v2\/posts\/36230\/revisions"}],"predecessor-version":[{"id":36232,"href":"https:\/\/catolicanet.net\/wp-cnet\/wp-json\/wp\/v2\/posts\/36230\/revisions\/36232"}],"wp:featuredmedia":[{"embeddable":true,"href":"https:\/\/catolicanet.net\/wp-cnet\/wp-json\/wp\/v2\/media\/36231"}],"wp:attachment":[{"href":"https:\/\/catolicanet.net\/wp-cnet\/wp-json\/wp\/v2\/media?parent=36230"}],"wp:term":[{"taxonomy":"category","embeddable":true,"href":"https:\/\/catolicanet.net\/wp-cnet\/wp-json\/wp\/v2\/categories?post=36230"},{"taxonomy":"post_tag","embeddable":true,"href":"https:\/\/catolicanet.net\/wp-cnet\/wp-json\/wp\/v2\/tags?post=36230"}],"curies":[{"name":"wp","href":"https:\/\/api.w.org\/{rel}","templated":true}]}}