{"id":36198,"date":"2017-10-11T00:00:29","date_gmt":"2017-10-11T03:00:29","guid":{"rendered":"http:\/\/catolicanet.net\/wp-cnet\/?p=36198"},"modified":"2017-11-27T14:22:33","modified_gmt":"2017-11-27T16:22:33","slug":"libertam-adolescente-catolica-sequestrada-por-terroristas-muculmanos-no-egito","status":"publish","type":"post","link":"https:\/\/catolicanet.net\/wp-cnet\/libertam-adolescente-catolica-sequestrada-por-terroristas-muculmanos-no-egito\/","title":{"rendered":"Libertam adolescente cat\u00f3lica sequestrada por terroristas mu\u00e7ulmanos no Egito"},"content":{"rendered":"<p>Roma, 11 Out. 17 \/ 08:00 am (ACI).- Uma cat\u00f3lica copta de 16 anos foi libertada recentemente pela pol\u00edcia eg\u00edpcia do poder de um grupo de terroristas mu\u00e7ulmanos salafistas, um grupo extremista sustentado e apoiado pela Ar\u00e1bia Saudita.<\/p>\n<p>Marylin, natural da aldeia de Balansora, na prov\u00edncia eg\u00edpcia de Minya, foi sequestrada em 28 de junho. Pe. Boutros Khalaf, sacerdote copto cat\u00f3lico que exerce o seu minist\u00e9rio pastoral neste local, disse ao jornal \u2018World Watch Monitor\u2019 que a jovem foi encontrada perto do Cairo.<\/p>\n<p>\u201cFomos at\u00e9 a delegacia de pol\u00edcia local e eles realmente fizeram de tudo para encontr\u00e1-la, libert\u00e1-la e prender o seu sequestrador, Taha, junto com o irm\u00e3o dele, Gaber. Ela voltou para a sua fam\u00edlia no s\u00e1bado, 30 de setembro, depois de 92 dias\u201d, indicou.<\/p>\n<p>Pe. Khalaf assinalou que Marylin \u201cn\u00e3o foi bem tratada\u201d pelos seus sequestradores e que \u201cest\u00e1 muito feliz por estar de volta com a sua fam\u00edlia\u201d.<\/p>\n<p>\u201cAgradecemos a Deus por responder as nossas ora\u00e7\u00f5es e as ora\u00e7\u00f5es de muitas outras pessoas. Agradecemos tamb\u00e9m aos oficiais da delegacia de pol\u00edcia por libertar a Marilyn. Agradecemos todos os seus esfor\u00e7os\u201d, expressou.<\/p>\n<p>\u201cApaixonar\u201d para sequestrar<\/p>\n<p>Pe. Khalaf denunciou que Marylin foi sequestrada usando a t\u00e1tica \u201cfazer se apaixonar\u201d, que est\u00e1 sendo usada pelos terroristas mu\u00e7ulmanos com frequ\u00eancia para capturar jovens crist\u00e3s.<\/p>\n<p>\u201cAlgumas pessoas disseram que ela foi sequestrada por um jovem chamado Taha. Ele supostamente a levou para a fazenda onde trabalha\u201d, contou o sacerdote.<\/p>\n<p>Um ex-sequestrador mu\u00e7ulmano, que decidiu n\u00e3o revelar o seu nome, explicou ao \u2018World Watch Monitor\u2019 que um dos terroristas \u201cdiz a uma menina crist\u00e3 que a ama e quer converter-se ao cristianismo por ela. Ambos come\u00e7am a namorar at\u00e9 que um dia eles decidem \u2018fugir\u2019 juntos. O que as jovens n\u00e3o sabem \u00e9 que est\u00e3o sendo sequestradas\u201d.<\/p>\n<p>O homem disse que o grupo extremista do qual ele fazia parte alugava apartamentos em diferentes lugares do Egito para esconder as jovens coptas.<\/p>\n<p>No local, \u201camea\u00e7ava-as para que se convertessem ao Isl\u00e3 e, quando se tornavam maiores de idade, um representante da comunidade mu\u00e7ulmana fazia um certificado oficial de convers\u00e3o e mudava o seu documento de identidade\u201d.<\/p>\n<p>\u201cSe tudo estivesse conforme o plano, obrigavam-nas a casar com eles. Seus esposos n\u00e3o as amam. S\u00f3 casam com elas para convert\u00ea-las ao Isl\u00e3. Elas s\u00e3o espancadas e humilhadas. E se tentam fugir ou converter-se a sua religi\u00e3o original, eles as matam\u201d, denunciou.<\/p>\n<p>\u201cRecordo do caso de uma crist\u00e3 copta que veio de uma fam\u00edlia rica e conhecida de Minya. Ela foi sequestrada por cinco mu\u00e7ulmanos. Eles a mantiveram em uma casa, despiram-na e filmaram. No v\u00eddeo, um deles tamb\u00e9m tirou a roupa. Eles amea\u00e7aram publicar este v\u00eddeo se n\u00e3o se casasse com ele\u201d, contou.<\/p>\n<p>O ex-sequestrador afirmou que \u201cos grupos de sequestrados se re\u00fanem em uma mesquita para falar sobre as poss\u00edveis v\u00edtimas. Vigiam de perto as casas crist\u00e3s e monitoram tudo o que acontece. Sobre essa base, tecem uma teia de aranha em torno das meninas\u201d.<\/p>\n<p>No caso de Marilyn, sua m\u00e3e, Hanaa Aziz Shukralla Farag, contou que viu um v\u00eddeo que os sequestradores divulgaram na internet no qual sua filha \u201cestava segurando o Cor\u00e3o como se estivesse segurando uma medalha. Vi que estava sendo pressionada\u201d.<\/p>\n<p>Por sua parte, Pe. Khalaf manifestou que \u201cos crist\u00e3os de nossa aldeia vivem em um estado de terror, p\u00e2nico e medo\u201d.<\/p>\n<p>\u201cEst\u00e3o preocupados por seus filhos. Nenhum pai permitir\u00e1 que sua filha caminhe sozinha pela rua. Ele, sua m\u00e3e ou irm\u00e3o ir\u00e3o com ela\u201d.<\/p>\n<p>&nbsp;<\/p>\n<p>Fonte: Acidigital<\/p>\n","protected":false},"excerpt":{"rendered":"<p>Roma, 11 Out. 17 \/ 08:00 am (ACI).- Uma cat\u00f3lica copta de 16 anos foi libertada recentemente pela pol\u00edcia eg\u00edpcia do poder de um grupo de terroristas mu\u00e7ulmanos salafistas, um grupo extremista sustentado e apoiado pela Ar\u00e1bia Saudita. Marylin, natural da aldeia de Balansora, na prov\u00edncia eg\u00edpcia de Minya, foi sequestrada em 28 de junho. [&hellip;]<\/p>\n","protected":false},"author":1,"featured_media":36199,"comment_status":"open","ping_status":"closed","sticky":false,"template":"","format":"standard","meta":{"footnotes":""},"categories":[4,13],"tags":[],"class_list":["post-36198","post","type-post","status-publish","format-standard","has-post-thumbnail","hentry","category-cotidiano","category-featured"],"_links":{"self":[{"href":"https:\/\/catolicanet.net\/wp-cnet\/wp-json\/wp\/v2\/posts\/36198","targetHints":{"allow":["GET"]}}],"collection":[{"href":"https:\/\/catolicanet.net\/wp-cnet\/wp-json\/wp\/v2\/posts"}],"about":[{"href":"https:\/\/catolicanet.net\/wp-cnet\/wp-json\/wp\/v2\/types\/post"}],"author":[{"embeddable":true,"href":"https:\/\/catolicanet.net\/wp-cnet\/wp-json\/wp\/v2\/users\/1"}],"replies":[{"embeddable":true,"href":"https:\/\/catolicanet.net\/wp-cnet\/wp-json\/wp\/v2\/comments?post=36198"}],"version-history":[{"count":1,"href":"https:\/\/catolicanet.net\/wp-cnet\/wp-json\/wp\/v2\/posts\/36198\/revisions"}],"predecessor-version":[{"id":36200,"href":"https:\/\/catolicanet.net\/wp-cnet\/wp-json\/wp\/v2\/posts\/36198\/revisions\/36200"}],"wp:featuredmedia":[{"embeddable":true,"href":"https:\/\/catolicanet.net\/wp-cnet\/wp-json\/wp\/v2\/media\/36199"}],"wp:attachment":[{"href":"https:\/\/catolicanet.net\/wp-cnet\/wp-json\/wp\/v2\/media?parent=36198"}],"wp:term":[{"taxonomy":"category","embeddable":true,"href":"https:\/\/catolicanet.net\/wp-cnet\/wp-json\/wp\/v2\/categories?post=36198"},{"taxonomy":"post_tag","embeddable":true,"href":"https:\/\/catolicanet.net\/wp-cnet\/wp-json\/wp\/v2\/tags?post=36198"}],"curies":[{"name":"wp","href":"https:\/\/api.w.org\/{rel}","templated":true}]}}