{"id":36174,"date":"2017-08-17T00:00:08","date_gmt":"2017-08-17T03:00:08","guid":{"rendered":"http:\/\/catolicanet.net\/wp-cnet\/?p=36174"},"modified":"2017-11-27T14:11:09","modified_gmt":"2017-11-27T16:11:09","slug":"madeira-bispo-do-funchal-vai-celebrar-missa-pelas-vitimas-da-freguesia-do-monte","status":"publish","type":"post","link":"https:\/\/catolicanet.net\/wp-cnet\/madeira-bispo-do-funchal-vai-celebrar-missa-pelas-vitimas-da-freguesia-do-monte\/","title":{"rendered":"Madeira: Bispo do Funchal vai celebrar missa pelas v\u00edtimas da freguesia do Monte"},"content":{"rendered":"<p>Funchal, 17 ago 2017 (Ecclesia) &#8211; A Diocese do Funchal vai promover no dia 22 de agosto, ter\u00e7a-feira, uma missa \u201cem mem\u00f3ria e sufr\u00e1gio das v\u00edtimas\u201d da trag\u00e9dia da freguesia do Monte.<\/p>\n<p>A informa\u00e7\u00e3o foi avan\u00e7ada hoje \u00e0 Ag\u00eancia ECCLESIA pelo gabinete de informa\u00e7\u00e3o da diocese madeirense.<\/p>\n<p>Em comunicado, a mesma fonte refere que a eucaristia est\u00e1 marcada para as 18h00, na S\u00e9 do Funchal, e que ser\u00e1 presidida pelo bispo do Funchal, D. Ant\u00f3nio Carrilho.<\/p>\n<p>\u201cA Diocese convida as autoridades civis e militares, os sacerdotes e consagrados e todo o povo de Deus a participar ou de algum modo associar-se a este momento de ora\u00e7\u00e3o, de f\u00e9 e de esperan\u00e7a\u201d, pode ler-se.<\/p>\n<p>A queda de uma \u00e1rvore de grande porte, no dia 15 de agosto, durante as festas em honra de Nossa Senhora do Monte, no Funchal, causou a morte a 13 pessoas.<\/p>\n<p>Na trag\u00e9dia ficaram ainda feridos 49 peregrinos, sete dos quais ainda se encontram internados no Hospital Dr.\u00ba N\u00e9lio Mendon\u00e7a, no Funchal, em estado considerado grave mas est\u00e1vel.<\/p>\n<p>Entre as v\u00edtimas que est\u00e3o ainda a receber cuidados de sa\u00fade encontram-se cinco adultos e duas crian\u00e7as.<\/p>\n<p>A missa de dia 22 de agosto ser\u00e1 uma ocasi\u00e3o para \u201cpedir a Deus a Sua miseric\u00f3rdia para os que faleceram e a for\u00e7a e a esperan\u00e7a, de forma particular, para todas as outras v\u00edtimas, feridos e familiares\u201d, salienta a Diocese do Funchal.<\/p>\n<p>&nbsp;<\/p>\n<p>Fonte: Ag\u00eancia Ecclesia<\/p>\n","protected":false},"excerpt":{"rendered":"<p>Funchal, 17 ago 2017 (Ecclesia) &#8211; A Diocese do Funchal vai promover no dia 22 de agosto, ter\u00e7a-feira, uma missa \u201cem mem\u00f3ria e sufr\u00e1gio das v\u00edtimas\u201d da trag\u00e9dia da freguesia do Monte. A informa\u00e7\u00e3o foi avan\u00e7ada hoje \u00e0 Ag\u00eancia ECCLESIA pelo gabinete de informa\u00e7\u00e3o da diocese madeirense. Em comunicado, a mesma fonte refere que a [&hellip;]<\/p>\n","protected":false},"author":1,"featured_media":36175,"comment_status":"open","ping_status":"closed","sticky":false,"template":"","format":"standard","meta":{"footnotes":""},"categories":[4,13],"tags":[],"class_list":["post-36174","post","type-post","status-publish","format-standard","has-post-thumbnail","hentry","category-cotidiano","category-featured"],"_links":{"self":[{"href":"https:\/\/catolicanet.net\/wp-cnet\/wp-json\/wp\/v2\/posts\/36174","targetHints":{"allow":["GET"]}}],"collection":[{"href":"https:\/\/catolicanet.net\/wp-cnet\/wp-json\/wp\/v2\/posts"}],"about":[{"href":"https:\/\/catolicanet.net\/wp-cnet\/wp-json\/wp\/v2\/types\/post"}],"author":[{"embeddable":true,"href":"https:\/\/catolicanet.net\/wp-cnet\/wp-json\/wp\/v2\/users\/1"}],"replies":[{"embeddable":true,"href":"https:\/\/catolicanet.net\/wp-cnet\/wp-json\/wp\/v2\/comments?post=36174"}],"version-history":[{"count":1,"href":"https:\/\/catolicanet.net\/wp-cnet\/wp-json\/wp\/v2\/posts\/36174\/revisions"}],"predecessor-version":[{"id":36176,"href":"https:\/\/catolicanet.net\/wp-cnet\/wp-json\/wp\/v2\/posts\/36174\/revisions\/36176"}],"wp:featuredmedia":[{"embeddable":true,"href":"https:\/\/catolicanet.net\/wp-cnet\/wp-json\/wp\/v2\/media\/36175"}],"wp:attachment":[{"href":"https:\/\/catolicanet.net\/wp-cnet\/wp-json\/wp\/v2\/media?parent=36174"}],"wp:term":[{"taxonomy":"category","embeddable":true,"href":"https:\/\/catolicanet.net\/wp-cnet\/wp-json\/wp\/v2\/categories?post=36174"},{"taxonomy":"post_tag","embeddable":true,"href":"https:\/\/catolicanet.net\/wp-cnet\/wp-json\/wp\/v2\/tags?post=36174"}],"curies":[{"name":"wp","href":"https:\/\/api.w.org\/{rel}","templated":true}]}}