{"id":3617,"date":"2013-12-05T15:31:37","date_gmt":"2013-12-05T17:31:37","guid":{"rendered":"http:\/\/catolicanet.net\/wp-cnet\/papa-institui-comissao-contra-abusos-e-em-22-de-fevereiro-consistorio-para-a-criacao-de-novos-cardeais\/"},"modified":"2017-03-24T13:15:22","modified_gmt":"2017-03-24T16:15:22","slug":"papa-institui-comissao-contra-abusos-e-em-22-de-fevereiro-consistorio-para-a-criacao-de-novos-cardeais","status":"publish","type":"post","link":"https:\/\/catolicanet.net\/wp-cnet\/papa-institui-comissao-contra-abusos-e-em-22-de-fevereiro-consistorio-para-a-criacao-de-novos-cardeais\/","title":{"rendered":"Papa institui Comiss\u00e3o contra abusos e em 22 de fevereiro, Consist\u00f3rio para a cria\u00e7\u00e3o de novos Cardeais"},"content":{"rendered":"<p style=\"text-align: justify;\"><img decoding=\"async\" src=\"http:\/\/catolicanet.com.br\/images\/stories\/cardealseanpatrickomalley.jpg\" border=\"0\" align=\"left\" \/>Nesta quinta-feira, \u00faltimo dia de trabalhos para o Conselho de Cardeais com o Papa Francisco no Vaticano, os purpurados iniciaram o dia concelebrando a Missa com o Pont\u00edfice na Casa Santa Marta. Sobre a importante reuni\u00e3o, foi realizado um briefing na Sala de Imprensa da Santa S\u00e9, do qual participou o Cardeal Se\u00e1n Patrick O&#8217;Malley, Arcebispo de Boston e membro do Conselho de Cardeais, que anunciou as duas principais resolu\u00e7\u00f5es: a institui\u00e7\u00e3o de uma Comiss\u00e3o para a prote\u00e7\u00e3o das crian\u00e7as e o Consist\u00f3rio para a cria\u00e7\u00e3o de novos Cardeais em 22 de fevereiro.<\/p>\n<p>\u201cO Santo Padre decidiu constituir uma espec\u00edfica comiss\u00e3o para a prote\u00e7\u00e3o das crian\u00e7as, com a finalidade de aconselhar o Papa Francisco sobre o empenho da Santa S\u00e9 na prote\u00e7\u00e3o das crian\u00e7as e na aten\u00e7\u00e3o pastoral \u00e0s v\u00edtimas dos abusos\u201d, disse o Cardeal O\u2019Malley.<\/p>\n<p>Especificamente \u2013 observou o Cardeal &#8211; a Comiss\u00e3o vai informar sobre o estado atual dos programas para a prote\u00e7\u00e3o da inf\u00e2ncia; formular sugest\u00f5es para novas iniciativas por parte da C\u00faria, em colabora\u00e7\u00e3o com bispos, confer\u00eancias episcopais, superiores religiosos e confer\u00eancias dos superiores religiosos; propor nomes de pessoas adequadas para a sistem\u00e1tica atua\u00e7\u00e3o destas novas iniciativas, incluindo leigos, religiosos, religiosas e sacerdotes com compet\u00eancia na seguran\u00e7a das crian\u00e7as, nas rela\u00e7\u00f5es com as v\u00edtimas, na sa\u00fade mental, na aplica\u00e7\u00e3o das leis, etc.<\/p>\n<p>\u201cA composi\u00e7\u00e3o e as compet\u00eancias da comiss\u00e3o ser\u00e3o indicadas proximamente com maiores detalhes pelo Santo Padre, com um documento apropriado\u201d, afirmou O\u2019Malley.<\/p>\n<p>Algumas linhas de a\u00e7\u00e3o da Comiss\u00e3o ter\u00e3o como linhas mestras a prote\u00e7\u00e3o das crian\u00e7as, os programas de forma\u00e7\u00e3o, protocolos para um ambiente seguro e ainda a coopera\u00e7\u00e3o com as autoridades civis, pastoral em apoio \u00e0s v\u00edtimas e aos familiares, colabora\u00e7\u00e3o com especialistas para pesquisas, colabora\u00e7\u00e3o com bispos e superiores religiosos, entre outras.<\/p>\n<p>Padre Lombardi, por sua vez, afirmou que tamb\u00e9m ficou decidido que o pr\u00f3ximo encontro do \u201cConselho dos oito\u201d ser\u00e1 nos dias 17, 18 e 19 de fevereiro e preceder\u00e1 imediatamente o Consist\u00f3rio do Col\u00e9gio Cardinal\u00edcio nos dias 20 e 21. No dia 22 de fevereiro ser\u00e1 realizado o Consist\u00f3rio para a cria\u00e7\u00e3o dos novos Cardeais e no dia seguinte est\u00e1 programada uma grande concelebra\u00e7\u00e3o com os novos purpurados e o Col\u00e9gio Cardinal\u00edcio.<\/p>\n<p>Ao final do briefing, o Cardeal O\u2019Malley sintetizou os trabalhos de tr\u00eas dias, reiterando que ainda tem muito a ser feito: \u201cEstudamos os diversos dicast\u00e9rios; come\u00e7amos a fazer algumas recomenda\u00e7\u00f5es, mas o nosso trabalho apenas come\u00e7ou\u201d.<\/p>\n<p style=\"text-align: justify;\"><strong><br \/><\/strong><\/p>\n<p style=\"text-align: justify;\"><strong>Local: Cidade do Vaticano<br \/>Fonte: R\u00e1dio Vaticano<\/strong><\/p>\n","protected":false},"excerpt":{"rendered":"<p>Nesta quinta-feira, \u00faltimo dia de trabalhos para o Conselho de Cardeais com o Papa Francisco no Vaticano, os purpurados iniciaram o dia concelebrando a Missa com o Pont\u00edfice na Casa Santa Marta. Sobre a importante reuni\u00e3o, foi realizado um briefing na Sala de Imprensa da Santa S\u00e9, do qual participou o Cardeal Se\u00e1n Patrick O&#8217;Malley, [&hellip;]<\/p>\n","protected":false},"author":1,"featured_media":0,"comment_status":"closed","ping_status":"closed","sticky":false,"template":"","format":"standard","meta":{"footnotes":""},"categories":[3],"tags":[],"class_list":["post-3617","post","type-post","status-publish","format-standard","hentry","category-vaticano"],"_links":{"self":[{"href":"https:\/\/catolicanet.net\/wp-cnet\/wp-json\/wp\/v2\/posts\/3617","targetHints":{"allow":["GET"]}}],"collection":[{"href":"https:\/\/catolicanet.net\/wp-cnet\/wp-json\/wp\/v2\/posts"}],"about":[{"href":"https:\/\/catolicanet.net\/wp-cnet\/wp-json\/wp\/v2\/types\/post"}],"author":[{"embeddable":true,"href":"https:\/\/catolicanet.net\/wp-cnet\/wp-json\/wp\/v2\/users\/1"}],"replies":[{"embeddable":true,"href":"https:\/\/catolicanet.net\/wp-cnet\/wp-json\/wp\/v2\/comments?post=3617"}],"version-history":[{"count":1,"href":"https:\/\/catolicanet.net\/wp-cnet\/wp-json\/wp\/v2\/posts\/3617\/revisions"}],"predecessor-version":[{"id":7946,"href":"https:\/\/catolicanet.net\/wp-cnet\/wp-json\/wp\/v2\/posts\/3617\/revisions\/7946"}],"wp:attachment":[{"href":"https:\/\/catolicanet.net\/wp-cnet\/wp-json\/wp\/v2\/media?parent=3617"}],"wp:term":[{"taxonomy":"category","embeddable":true,"href":"https:\/\/catolicanet.net\/wp-cnet\/wp-json\/wp\/v2\/categories?post=3617"},{"taxonomy":"post_tag","embeddable":true,"href":"https:\/\/catolicanet.net\/wp-cnet\/wp-json\/wp\/v2\/tags?post=3617"}],"curies":[{"name":"wp","href":"https:\/\/api.w.org\/{rel}","templated":true}]}}