{"id":36168,"date":"2017-11-27T10:30:06","date_gmt":"2017-11-27T12:30:06","guid":{"rendered":"http:\/\/catolicanet.net\/wp-cnet\/?p=36168"},"modified":"2017-11-27T13:59:05","modified_gmt":"2017-11-27T15:59:05","slug":"voce-conhece-o-santo-abandono-para-os-momentos-dificeis","status":"publish","type":"post","link":"https:\/\/catolicanet.net\/wp-cnet\/voce-conhece-o-santo-abandono-para-os-momentos-dificeis\/","title":{"rendered":"Voc\u00ea conhece o santo abandono para os momentos dif\u00edceis?"},"content":{"rendered":"<p>Aprenda a entregar seus problemas a Deus<\/p>\n<p>Meu Deus, por que isso est\u00e1 acontecendo? Por que o senhor permite que isso aconte\u00e7a?<\/p>\n<p>Diariamente, recebo mensagens de pessoas que comentam: \u201cNada funciona na minha vida. Rezo. Fa\u00e7o jejum. E n\u00e3o vejo nenhuma solu\u00e7\u00e3o para os meus problemas\u201d.<\/p>\n<p>Eu compreendo. Isso tamb\u00e9m acontece comigo. A vida, geralmente, n\u00e3o \u00e9 como esperamos. Tantas dificuldades e ningu\u00e9m sabe como ir adiante. Tudo \u00e9 dif\u00edcil.<\/p>\n<p>Mas eu aprendi que, apesar de tudo, a vida \u00e9 uma aventura maravilhosa. Tenho quatro filhos, uma linda esposa e muitos problemas para resolver.<\/p>\n<p>E o que fazer nos momentos dif\u00edceis? Somente o que tem sentido: \u201cCONFIAR\u201d.<\/p>\n<p>Devemos confiar plenamente em Deus, nosso Pai. Se Ele permite uma prova, ela far\u00e1 algum sentido. E n\u00f3s s\u00f3 vamos entender no fim.<\/p>\n<p>Sei que Deus \u00e9 nosso Pai. Um pai como Ele, que \u00e9 Amor, tudo faz pelo bem de seus filhos. Ent\u00e3o, por que devo temer?<\/p>\n<p>Gosto muito da carta que S\u00e3o Tom\u00e1s Moro escreveu para sua filha antes de ser executado, com a certeza de que Deus nunca o abandonaria:<\/p>\n<p>\u201cEmbora eu esteja convencido, minha querida Margarida, de que a maldade de minha vida \u00e9 tanta que eu mereceria que Deus me abandonasse de tudo, nem por um momento deixarei de confiar em sua imensa bondade\u201d.<\/p>\n<p>Aprendi que, quando passamos por momentos dif\u00edceis, isso \u00e9 para o nosso crescimento espiritual, para fortalecer nossa f\u00e9 e para aprendermos o santo abandono.<\/p>\n<p>Precisamos fazer nossa parte, n\u00e3o nos rendermos, sermos perseverantes na ora\u00e7\u00e3o, desejar a presen\u00e7a de Deus, guardarmos o estado de gra\u00e7a como um tesouro e seguirmos caminhando. Al\u00e9m disso, temos que ser exemplos para os que est\u00e3o em nossas vidas. Temos que nos santificar.<\/p>\n<p>Por isso, ame a santa vontade de Deus, que \u00e9 perfeita. N\u00e3o tenha medo de abandonar-se em suas m\u00e3os amorosas.<\/p>\n<p>H\u00e1 12 anos eu vivo esta experi\u00eancia espiritual maravilhosa e nunca deixo de me surpreender.<\/p>\n<p>Quando eu atravesso um caminho in\u00f3spito ou quando n\u00e3o encontro solu\u00e7\u00f5es para os meus problemas, fa\u00e7o o que eu posso. Depois, recorro a Jesus no sacr\u00e1rio, dizendo:<\/p>\n<p>\u201cEu te entrego tudo isso, Jesus. Fiz o que pude. Agora o problema \u00e9 seu. N\u00e3o consigo mais\u201d.<\/p>\n<p>\u00c9 incr\u00edvel! No dia seguinte, aparecem v\u00e1rias solu\u00e7\u00f5es. Lembro-me de uma vez que fui ver Jesus no sacr\u00e1rio s\u00f3 para lhe dizer: \u201cO Senhor \u00e9 o m\u00e1ximo\u201d.<\/p>\n<p>F\u00e1cil? N\u00e3o, n\u00e3o \u00e9. \u00c9 dif\u00edcil confiar. Costumamos ter um p\u00e9 na terra e outro no c\u00e9u. Mas vale a pena. Acredite. Sua vida vai mudar.<\/p>\n<p>Tudo o que se faz pelo amor de Deus vale o esfor\u00e7o.<\/p>\n<p>Deus te aben\u00e7oe!<\/p>\n<p>&nbsp;<\/p>\n<p>Fonte: Aleteia<\/p>\n","protected":false},"excerpt":{"rendered":"<p>Aprenda a entregar seus problemas a Deus Meu Deus, por que isso est\u00e1 acontecendo? Por que o senhor permite que isso aconte\u00e7a? Diariamente, recebo mensagens de pessoas que comentam: \u201cNada funciona na minha vida. Rezo. Fa\u00e7o jejum. E n\u00e3o vejo nenhuma solu\u00e7\u00e3o para os meus problemas\u201d. Eu compreendo. Isso tamb\u00e9m acontece comigo. A vida, geralmente, [&hellip;]<\/p>\n","protected":false},"author":1,"featured_media":36169,"comment_status":"open","ping_status":"closed","sticky":false,"template":"","format":"standard","meta":{"footnotes":""},"categories":[4],"tags":[],"class_list":["post-36168","post","type-post","status-publish","format-standard","has-post-thumbnail","hentry","category-cotidiano"],"_links":{"self":[{"href":"https:\/\/catolicanet.net\/wp-cnet\/wp-json\/wp\/v2\/posts\/36168","targetHints":{"allow":["GET"]}}],"collection":[{"href":"https:\/\/catolicanet.net\/wp-cnet\/wp-json\/wp\/v2\/posts"}],"about":[{"href":"https:\/\/catolicanet.net\/wp-cnet\/wp-json\/wp\/v2\/types\/post"}],"author":[{"embeddable":true,"href":"https:\/\/catolicanet.net\/wp-cnet\/wp-json\/wp\/v2\/users\/1"}],"replies":[{"embeddable":true,"href":"https:\/\/catolicanet.net\/wp-cnet\/wp-json\/wp\/v2\/comments?post=36168"}],"version-history":[{"count":1,"href":"https:\/\/catolicanet.net\/wp-cnet\/wp-json\/wp\/v2\/posts\/36168\/revisions"}],"predecessor-version":[{"id":36170,"href":"https:\/\/catolicanet.net\/wp-cnet\/wp-json\/wp\/v2\/posts\/36168\/revisions\/36170"}],"wp:featuredmedia":[{"embeddable":true,"href":"https:\/\/catolicanet.net\/wp-cnet\/wp-json\/wp\/v2\/media\/36169"}],"wp:attachment":[{"href":"https:\/\/catolicanet.net\/wp-cnet\/wp-json\/wp\/v2\/media?parent=36168"}],"wp:term":[{"taxonomy":"category","embeddable":true,"href":"https:\/\/catolicanet.net\/wp-cnet\/wp-json\/wp\/v2\/categories?post=36168"},{"taxonomy":"post_tag","embeddable":true,"href":"https:\/\/catolicanet.net\/wp-cnet\/wp-json\/wp\/v2\/tags?post=36168"}],"curies":[{"name":"wp","href":"https:\/\/api.w.org\/{rel}","templated":true}]}}