{"id":36141,"date":"2017-11-27T08:21:10","date_gmt":"2017-11-27T10:21:10","guid":{"rendered":"http:\/\/catolicanet.net\/wp-cnet\/?p=36141"},"modified":"2017-11-27T13:32:00","modified_gmt":"2017-11-27T15:32:00","slug":"papa-seremos-julgados-pelo-amor-e-o-servico-que-prestamos","status":"publish","type":"post","link":"https:\/\/catolicanet.net\/wp-cnet\/papa-seremos-julgados-pelo-amor-e-o-servico-que-prestamos\/","title":{"rendered":"Papa: &#8220;Seremos julgados pelo amor e o servi\u00e7o que prestamos&#8221;"},"content":{"rendered":"<p>Cidade do Vaticano (RV) \u2013 \u201cNo fim de nossas vidas, seremos julgados pelo amor, isto \u00e9, pelo nosso esfor\u00e7o concreto em amar e servir Jesus em nossos irm\u00e3os menores e necessitados. Jesus vir\u00e1 no final dos tempos para julgar todas as na\u00e7\u00f5es, mas vem a n\u00f3s todos os dias, em muitas maneiras, e nos pede para acolh\u00ea-lo. Aquele mendicante, aquele afamado, aquele encarcerado, aquele doente \u00e9 Jesus. Pensemos nisto\u201d.<\/p>\n<p>&nbsp;<\/p>\n<p><a href=\"http:\/\/media02.radiovaticana.va\/audio\/audio2\/mp3\/00604042.mp3\">Clique aqui para ouvir:<\/a><\/p>\n<p>&nbsp;<\/p>\n<p>S\u00e3o as palavras pronunciadas pelo Papa Francisco no Angelus deste domingo (26\/11), descrevendo, no coment\u00e1rio sobre o Ju\u00edzo Universal, o \u201cCristo como rei, pastor e juiz, que mostra os crit\u00e9rios de perten\u00e7a ao Reino de Deus\u201d.<\/p>\n<p>\u201cQue a Virgem Maria nos ajude a encontr\u00e1-lo e receb\u00ea-lo em sua Palavra e na Eucaristia, e ao mesmo tempo, nos irm\u00e3os e irm\u00e3s que sofrem com a fome, a doen\u00e7a, a opress\u00e3o, a injusti\u00e7a. Que nossos cora\u00e7\u00f5es possam acolh\u00ea-lo no hoje de nossas vidas, para que sejamos acolhidos por Ele na eternidade de seu Reino de luz e de paz\u201d.<\/p>\n<p>Em sua breve catequese, diante de algumas milhares de pessoas, na Pra\u00e7a S\u00e3o Pedro, o Papa recordou as indica\u00e7\u00f5es do Evangelho sobre o Ju\u00edzo Universal, apresentadas na Liturgia de hoje:<\/p>\n<p>\u201cVinde! Recebei como heran\u00e7a o Reino que meu Pai vos preparou desde a cria\u00e7\u00e3o do mundo! Pois eu estava com fome e me destes de comer; eu estava com sede e me destes de beber; eu era estrangeiro e me recebestes em casa; eu estava nu e me vestistes; eu estava doente e cuidastes de mim; eu estava na pris\u00e3o e fostes me visitar\u201d.<\/p>\n<p>\u201cOs justos, comentou o Papa, ficam surpresos, porque n\u00e3o se lembram de ter encontrado antes Jesus e muito menos de t\u00ea-lo ajudado daquela forma; mas Ele declara: \u2018todas as vezes que fizestes isso a um dos menores de meus irm\u00e3os, foi a mim que o fizestes!&#8217;. Esta palavra nunca deixa de nos surpreender, porque nos revela at\u00e9 que ponto chega o amor de Deus: at\u00e9 o ponto de se colocar em nosso lugar, mas n\u00e3o quando estamos bem, saud\u00e1veis e felizes&#8230; n\u00e3o! Quando estamos necessitados. E desta forma, escondida, Ele se deixa encontrar, nos estende a m\u00e3o, como um mendicante. Assim Jesus revela o crit\u00e9rio decisivo de seu ju\u00edzo, ou seja, o amor concreto pelo pr\u00f3ximo com dificuldades. E assim revela o poder do amor, a realeza de Deus: solid\u00e1rio com quem sofre para suscitar em todos os lugares atitudes e obras de miseric\u00f3rdia\u201d.<\/p>\n<p>\u201cMas- recordou Francisco \u2013 a palavra do ju\u00edzo prossegue apresentando o rei que afasta de si aqueles que durante suas vidas n\u00e3o se preocuparam com as necessidades dos irm\u00e3os\u201d.<\/p>\n<p>\u201cTamb\u00e9m neste caso, eles ficam surpresos e perguntam: \u2018Senhor, quando foi que te vimos com fome, ou com sede, como estrangeiro, ou nu, doente ou preso,<br \/>\ne n\u00e3o te servimos?&#8217; Ou seja, \u2018Se tiv\u00e9ssemos visto, certamente ter\u00edamos ajudado!\u2019 Mas o rei responde: \u2018todas as vezes que n\u00e3o fizestes isso a um desses pequeninos, foi a mim que n\u00e3o o fizestes\u2019!\u201d.<\/p>\n<p>&nbsp;<\/p>\n<p>Fonte: R\u00e1dio Vaticano<\/p>\n","protected":false},"excerpt":{"rendered":"<p>Cidade do Vaticano (RV) \u2013 \u201cNo fim de nossas vidas, seremos julgados pelo amor, isto \u00e9, pelo nosso esfor\u00e7o concreto em amar e servir Jesus em nossos irm\u00e3os menores e necessitados. Jesus vir\u00e1 no final dos tempos para julgar todas as na\u00e7\u00f5es, mas vem a n\u00f3s todos os dias, em muitas maneiras, e nos pede [&hellip;]<\/p>\n","protected":false},"author":1,"featured_media":36142,"comment_status":"open","ping_status":"closed","sticky":false,"template":"","format":"standard","meta":{"footnotes":""},"categories":[3],"tags":[],"class_list":["post-36141","post","type-post","status-publish","format-standard","has-post-thumbnail","hentry","category-vaticano"],"_links":{"self":[{"href":"https:\/\/catolicanet.net\/wp-cnet\/wp-json\/wp\/v2\/posts\/36141","targetHints":{"allow":["GET"]}}],"collection":[{"href":"https:\/\/catolicanet.net\/wp-cnet\/wp-json\/wp\/v2\/posts"}],"about":[{"href":"https:\/\/catolicanet.net\/wp-cnet\/wp-json\/wp\/v2\/types\/post"}],"author":[{"embeddable":true,"href":"https:\/\/catolicanet.net\/wp-cnet\/wp-json\/wp\/v2\/users\/1"}],"replies":[{"embeddable":true,"href":"https:\/\/catolicanet.net\/wp-cnet\/wp-json\/wp\/v2\/comments?post=36141"}],"version-history":[{"count":1,"href":"https:\/\/catolicanet.net\/wp-cnet\/wp-json\/wp\/v2\/posts\/36141\/revisions"}],"predecessor-version":[{"id":36143,"href":"https:\/\/catolicanet.net\/wp-cnet\/wp-json\/wp\/v2\/posts\/36141\/revisions\/36143"}],"wp:featuredmedia":[{"embeddable":true,"href":"https:\/\/catolicanet.net\/wp-cnet\/wp-json\/wp\/v2\/media\/36142"}],"wp:attachment":[{"href":"https:\/\/catolicanet.net\/wp-cnet\/wp-json\/wp\/v2\/media?parent=36141"}],"wp:term":[{"taxonomy":"category","embeddable":true,"href":"https:\/\/catolicanet.net\/wp-cnet\/wp-json\/wp\/v2\/categories?post=36141"},{"taxonomy":"post_tag","embeddable":true,"href":"https:\/\/catolicanet.net\/wp-cnet\/wp-json\/wp\/v2\/tags?post=36141"}],"curies":[{"name":"wp","href":"https:\/\/api.w.org\/{rel}","templated":true}]}}