{"id":36132,"date":"2017-11-24T15:43:14","date_gmt":"2017-11-24T17:43:14","guid":{"rendered":"http:\/\/catolicanet.net\/wp-cnet\/?p=36132"},"modified":"2017-11-27T13:18:52","modified_gmt":"2017-11-27T15:18:52","slug":"dialogo-com-os-jovens","status":"publish","type":"post","link":"https:\/\/catolicanet.net\/wp-cnet\/dialogo-com-os-jovens\/","title":{"rendered":"Di\u00e1logo com os jovens"},"content":{"rendered":"<p>No dia 23\/11, ser\u00e1 realizado o lan\u00e7amento do livro\u00a0<em>Di\u00e1logo com os Jovens<\/em>, de Dom Carlos Lema Garcia, Bispo Auxiliar da Arquidiocese de S\u00e3o Paulo, respons\u00e1vel pelo Vicariato para a Educa\u00e7\u00e3o e a Universidade. O evento, que acontecer\u00e1 no\u00a0Col\u00e9gio Maria Imaculada (entrada pela Rua Maestro Cardim, 1144, 6\u00ba andar &#8211; Para\u00edso) contar\u00e1 com uma breve palestra do autor, seguida de sess\u00e3o de aut\u00f3grafos. Haver\u00e1 venda de livros no local.<\/p>\n<p>Saiba mais sobre a obra:\u00a0<a href=\"https:\/\/goo.gl\/cjkzF7\" target=\"_blank\" rel=\"nofollow noopener\">https:\/\/goo.gl\/cjkzF7<\/a><\/p>\n<p><img decoding=\"async\" class=\"aligncenter\" src=\"http:\/\/www.catolicanet.com.br\/images\/stories\/cards\/jovens.jpg\" \/><\/p>\n","protected":false},"excerpt":{"rendered":"<p>No dia 23\/11, ser\u00e1 realizado o lan\u00e7amento do livro\u00a0Di\u00e1logo com os Jovens, de Dom Carlos Lema Garcia, Bispo Auxiliar da Arquidiocese de S\u00e3o Paulo, respons\u00e1vel pelo Vicariato para a Educa\u00e7\u00e3o e a Universidade. O evento, que acontecer\u00e1 no\u00a0Col\u00e9gio Maria Imaculada (entrada pela Rua Maestro Cardim, 1144, 6\u00ba andar &#8211; Para\u00edso) contar\u00e1 com uma breve palestra [&hellip;]<\/p>\n","protected":false},"author":1,"featured_media":36133,"comment_status":"open","ping_status":"closed","sticky":false,"template":"","format":"standard","meta":{"footnotes":""},"categories":[4],"tags":[],"class_list":["post-36132","post","type-post","status-publish","format-standard","has-post-thumbnail","hentry","category-cotidiano"],"_links":{"self":[{"href":"https:\/\/catolicanet.net\/wp-cnet\/wp-json\/wp\/v2\/posts\/36132","targetHints":{"allow":["GET"]}}],"collection":[{"href":"https:\/\/catolicanet.net\/wp-cnet\/wp-json\/wp\/v2\/posts"}],"about":[{"href":"https:\/\/catolicanet.net\/wp-cnet\/wp-json\/wp\/v2\/types\/post"}],"author":[{"embeddable":true,"href":"https:\/\/catolicanet.net\/wp-cnet\/wp-json\/wp\/v2\/users\/1"}],"replies":[{"embeddable":true,"href":"https:\/\/catolicanet.net\/wp-cnet\/wp-json\/wp\/v2\/comments?post=36132"}],"version-history":[{"count":1,"href":"https:\/\/catolicanet.net\/wp-cnet\/wp-json\/wp\/v2\/posts\/36132\/revisions"}],"predecessor-version":[{"id":36134,"href":"https:\/\/catolicanet.net\/wp-cnet\/wp-json\/wp\/v2\/posts\/36132\/revisions\/36134"}],"wp:featuredmedia":[{"embeddable":true,"href":"https:\/\/catolicanet.net\/wp-cnet\/wp-json\/wp\/v2\/media\/36133"}],"wp:attachment":[{"href":"https:\/\/catolicanet.net\/wp-cnet\/wp-json\/wp\/v2\/media?parent=36132"}],"wp:term":[{"taxonomy":"category","embeddable":true,"href":"https:\/\/catolicanet.net\/wp-cnet\/wp-json\/wp\/v2\/categories?post=36132"},{"taxonomy":"post_tag","embeddable":true,"href":"https:\/\/catolicanet.net\/wp-cnet\/wp-json\/wp\/v2\/tags?post=36132"}],"curies":[{"name":"wp","href":"https:\/\/api.w.org\/{rel}","templated":true}]}}