{"id":3613,"date":"2013-12-03T03:00:00","date_gmt":"2013-12-03T05:00:00","guid":{"rendered":"http:\/\/catolicanet.net\/wp-cnet\/a-igreja-celebra\/"},"modified":"2017-03-24T11:54:09","modified_gmt":"2017-03-24T14:54:09","slug":"a-igreja-celebra","status":"publish","type":"post","link":"https:\/\/catolicanet.net\/wp-cnet\/a-igreja-celebra\/","title":{"rendered":"A Igreja celebra"},"content":{"rendered":"<p style=\"text-align: justify;\"><img decoding=\"async\" src=\"http:\/\/catolicanet.com.br\/images\/stories\/domorani.jpg\" border=\"0\" align=\"left\" \/>Neste m\u00eas de dezembro estamos comemorando a promulga\u00e7\u00e3o dos dois primeiros documentos do Conc\u00edlio Vaticano II, do qual celebramos seu jubileu de ouro. Um deles \u00e9 o da Liturgia.<br \/>O sagrado Conc\u00edlio nos apresenta a \u201cIgreja como mist\u00e9rio de Cristo\u201d, lugar primordial para o an\u00fancio do Evangelho: \u201cA liturgia, com efeito, mediante a qual, especialmente no divino sacrif\u00edcio da eucaristia, \u201cse atua a obra da nossa reden\u00e7\u00e3o\u201d contribui sumamente para que os fi\u00e9is exprimam em suas vidas e manifestem aos outros o mist\u00e9rio de Cristo e a genu\u00edna natureza da verdadeira Igreja (&#8230;), assim sendo, a liturgia, enquanto edifica aqueles que est\u00e3o na Igreja em templo santo no Senhor, em habita\u00e7\u00e3o de Deus no Esp\u00edrito, at\u00e9 atingir a medida da plenitude de Cristo, ao mesmo tempo e de modo admir\u00e1vel robustece as suas for\u00e7as para que preguem o Cristo; e assim aos que est\u00e3o fora, ela mostra a Igreja como estandarte erguido diante das na\u00e7\u00f5es, sob o qual os filhos dispersos de Deus possam reunir-se na unidade, para que haja um s\u00f3 rebanho e um s\u00f3 pastor\u201d (SC 2). Desta forma, a liturgia constitui a maior epifania ou manifesta\u00e7\u00e3o da Igreja.\u00a0 A Igreja evangeliza, sobretudo, atrav\u00e9s da celebra\u00e7\u00e3o da f\u00e9, atrav\u00e9s das a\u00e7\u00f5es lit\u00fargicas.<br \/>Comemoramos, pois, os cinquenta anos da Sacrosanctum Concilium, a Constitui\u00e7\u00e3o Conciliar sobre a Sagrada Liturgia: \u00e9 importante recordar que este documento teve sua inspira\u00e7\u00e3o no Movimento Lit\u00fargico. Movimento este que apresentou um processo cultural e espiritual complexo, de vast\u00edssimo alcance. Temos personagens importantes que participaram deste processo, como por exemplo, o abade Pr\u00f3spero Gu\u00e9ranger, Lambert Beauduin, Pio XII com a publica\u00e7\u00e3o da Mediator Dei e outros colaboradores que ofereceram aos padres conciliares um tesouro riqu\u00edssimo e, como definiu o Papa Pio XII: \u201ccomo passagem do Espirito Santo pela Igreja\u201d. A preocupa\u00e7\u00e3o da \u201cvolta \u00e0s fontes\u201d procurando trazer a experi\u00eancia da Igreja em toda a sua tradi\u00e7\u00e3o motivou estudiosos e pesquisadores a colaborarem para uma pastoral lit\u00fargica fiel \u00e0 tradi\u00e7\u00e3o mais antiga da Igreja.<br \/>Que assuntos relevantes este movimento pr\u00e9-conciliar trouxe para a renova\u00e7\u00e3o da vida lit\u00fargica? Em primeiro lugar, as aten\u00e7\u00f5es se concentravam principalmente na correta celebra\u00e7\u00e3o do sacrif\u00edcio da missa, dos sacramentos, da liturgia das horas e do ano lit\u00fargico. Outro aspecto relevante \u00e9 que a a\u00e7\u00e3o lit\u00fargica celebrada nos configure a Cristo e \u00e0 sua a\u00e7\u00e3o salv\u00edfica por meio de nosso Senhor Jesus Cristo, tanto no recolhimento adorante da ora\u00e7\u00e3o diante do Senhor, como tamb\u00e9m mediante a participa\u00e7\u00e3o ativa na a\u00e7\u00e3o sagrada.<br \/>A Sacrosanctum Concilium aprofunda alguns assuntos que se tornar\u00e3o depois uma caminhada importante para a Igreja: Os princ\u00edpios Gerais da Reforma, o Incremento da Liturgia; o Sacrossanto Mist\u00e9rio da Eucaristia; os demais Sacramentos e sacramentais; o Of\u00edcio Divino; o Ano Lit\u00fargico; a M\u00fasica Sacra; e a Arte Sacra e as Sagradas Alfaias. <br \/>Ao celebrarmos o cinquenten\u00e1rio da publica\u00e7\u00e3o deste sacro documento, quero louvar, bendizer e agradecer a Deus pelos muitos esfor\u00e7os, lutas e fadigas, do pioneirismo de padres, leigos e bispos, e o empenho para aplicar o Conc\u00edlio no contexto de nossa realidade, n\u00e3o obstante as dificuldades encontradas no caminho. Muita coisa bonita vem acontecendo em nossas comunidades eclesiais em toda a parte. A Igreja no Brasil pode se alegrar com os frutos colhidos ao longo desses 50 anos de intensa renova\u00e7\u00e3o lit\u00fargica. Com realismo pastoral, a renova\u00e7\u00e3o lit\u00fargica trouxe \u201calegria e esperan\u00e7a\u201d para todos. As iniciativas s\u00e3o muitas e os cursos, forma\u00e7\u00f5es, semanas e semin\u00e1rios de liturgia, comiss\u00f5es de liturgia nas (arqui)dioceses, regionais, aprofundamentos nas universidades, hin\u00e1rio, cursos de canto pastoral, arte sacra, organiza\u00e7\u00e3o dos folhetos lit\u00fargicos; a equipe de revis\u00e3o dos Documentos sobre a Liturgia, na miss\u00e3o de traduzir os livros lit\u00fargicos como o Missal, Rituais para os Sacramentos, Livro de B\u00ean\u00e7\u00e3os e Lecion\u00e1rios na l\u00edngua portugu\u00eas-brasileira, s\u00e3o frutos do trabalho de organiza\u00e7\u00e3o da Comiss\u00e3o Episcopal para a Liturgia da CNBB inspirados na Sacrosanctum Concilium. Por\u00e9m, os desafios ainda s\u00e3o muitos neste processo de implanta\u00e7\u00e3o da atualiza\u00e7\u00e3o lit\u00fargica do Conc\u00edlio Vaticano II.<br \/>Fomos conduzidos \u00e0 centralidade crist\u00f3logica que contribuiu para uma maior participa\u00e7\u00e3o dos fi\u00e9is. Completando cinquenta anos de promulga\u00e7\u00e3o da Constitui\u00e7\u00e3o Sacrosanctum Concilium, sobre a Sagrada Liturgia, \u00e9 tempo de reconhecer que o Esp\u00edrito Santo, de fato, est\u00e1 conduzindo a caminhada da Igreja, e que, \u201ca sagrada liturgia n\u00e3o esgota toda a a\u00e7\u00e3o da Igreja; com efeito, antes que os homens possam achegar-se \u00e0 liturgia, \u00e9 necess\u00e1rio que sejam chamados \u00e0 f\u00e9 e \u00e0 convers\u00e3o: \u201cComo poderiam invocar Aquele em quem n\u00e3o creram? E como poderiam crer Naquele que n\u00e3o ouviram? E como poderiam ouvir sem pregador? E como podem pregar se n\u00e3o forem enviados?\u201d (Rm 10,14-15)\u201d (SC 9), pois Ele \u00e9 o cume e a fonte para o qual se dirige toda a\u00e7\u00e3o da Igreja (SC 10).<br \/>Dessa forma, celebrando bem o mist\u00e9rio do Senhor que entregou Sua vida por n\u00f3s e est\u00e1 presente Ressuscitado no meio de n\u00f3s, a Igreja procura corresponder ao chamado de Cristo. A Constitui\u00e7\u00e3o Conciliar Lumem Gentium afirma que \u201ca luz dos povos \u00e9 Cristo: por isso, este sagrado Conc\u00edlio, reunido no Esp\u00edrito Santo, deseja ardentemente iluminar com a Sua luz, que resplandece no rosto da Igreja, todos os homens, anunciando o Evangelho a toda a criatura (cfr. Mc. 16,15)\u201d (LG 1).<br \/>Refletindo sobre o caminho percorrido nestes 50 anos, pedimos ao Senhor que nos fa\u00e7a sempre mais fi\u00e9is como disc\u00edpulos mission\u00e1rios que celebram o Mist\u00e9rio Pascal para transmitirmos essa \u201cluz\u201d de Cristo ao mundo de hoje.<\/p>\n","protected":false},"excerpt":{"rendered":"<p>Neste m\u00eas de dezembro estamos comemorando a promulga\u00e7\u00e3o dos dois primeiros documentos do Conc\u00edlio Vaticano II, do qual celebramos seu jubileu de ouro. Um deles \u00e9 o da Liturgia.O sagrado Conc\u00edlio nos apresenta a \u201cIgreja como mist\u00e9rio de Cristo\u201d, lugar primordial para o an\u00fancio do Evangelho: \u201cA liturgia, com efeito, mediante a qual, especialmente no [&hellip;]<\/p>\n","protected":false},"author":5,"featured_media":0,"comment_status":"closed","ping_status":"closed","sticky":false,"template":"","format":"standard","meta":{"footnotes":""},"categories":[9],"tags":[],"class_list":["post-3613","post","type-post","status-publish","format-standard","hentry","category-artigos"],"_links":{"self":[{"href":"https:\/\/catolicanet.net\/wp-cnet\/wp-json\/wp\/v2\/posts\/3613","targetHints":{"allow":["GET"]}}],"collection":[{"href":"https:\/\/catolicanet.net\/wp-cnet\/wp-json\/wp\/v2\/posts"}],"about":[{"href":"https:\/\/catolicanet.net\/wp-cnet\/wp-json\/wp\/v2\/types\/post"}],"author":[{"embeddable":true,"href":"https:\/\/catolicanet.net\/wp-cnet\/wp-json\/wp\/v2\/users\/5"}],"replies":[{"embeddable":true,"href":"https:\/\/catolicanet.net\/wp-cnet\/wp-json\/wp\/v2\/comments?post=3613"}],"version-history":[{"count":1,"href":"https:\/\/catolicanet.net\/wp-cnet\/wp-json\/wp\/v2\/posts\/3613\/revisions"}],"predecessor-version":[{"id":7929,"href":"https:\/\/catolicanet.net\/wp-cnet\/wp-json\/wp\/v2\/posts\/3613\/revisions\/7929"}],"wp:attachment":[{"href":"https:\/\/catolicanet.net\/wp-cnet\/wp-json\/wp\/v2\/media?parent=3613"}],"wp:term":[{"taxonomy":"category","embeddable":true,"href":"https:\/\/catolicanet.net\/wp-cnet\/wp-json\/wp\/v2\/categories?post=3613"},{"taxonomy":"post_tag","embeddable":true,"href":"https:\/\/catolicanet.net\/wp-cnet\/wp-json\/wp\/v2\/tags?post=3613"}],"curies":[{"name":"wp","href":"https:\/\/api.w.org\/{rel}","templated":true}]}}