{"id":3605,"date":"2013-12-04T16:42:54","date_gmt":"2013-12-04T18:42:54","guid":{"rendered":"http:\/\/catolicanet.net\/wp-cnet\/dom-erwin-krautler-congresso-americano-convida-a-acao\/"},"modified":"2017-03-24T11:33:44","modified_gmt":"2017-03-24T14:33:44","slug":"dom-erwin-krautler-congresso-americano-convida-a-acao","status":"publish","type":"post","link":"https:\/\/catolicanet.net\/wp-cnet\/dom-erwin-krautler-congresso-americano-convida-a-acao\/","title":{"rendered":"Dom Erwin Krautler: Congresso Americano convida a A\u00e7\u00e3o"},"content":{"rendered":"<p style=\"text-align: center;\"><strong><img decoding=\"async\" src=\"http:\/\/catolicanet.com.br\/images\/stories\/domerwinkrautler.jpg\" border=\"0\" \/><\/p>\n<p>Dom Erwin Krautler:\u00a0 \u00c9 um religioso mission\u00e1rio da Congrega\u00e7\u00e3o do Preciosisimo Sangue, atual bispo da prelazia do Xingu, no estado do Par\u00e1. Recebeu da Universidade Federal do Par\u00e1 (UFPA) por seu valios\u00edssimo trabalho o t\u00edtulo de doutor honoris a maior honraria existente no meio acad\u00eamico. Marcou presen\u00e7a no Congresso Mission\u00e1rio &#8211; CAM4 e COMLA9 e falou em entrevista a CatolicaNet. <\/strong><\/p>\n<p style=\"text-align: justify;\"><strong>CatolicaNet: Dom Erwin o senhor tem participado de tantos Congressos e tem contribu\u00eddo com a Igreja do Brasil e no mundo, qual a sua avalia\u00e7\u00e3o sobre o que foi tratado neste Congresso que aconteceu aqui em Maraca\u00edbo? <\/strong><\/p>\n<p style=\"text-align: justify;\"><strong>Dom Erwin:<\/strong> O Congresso \u00e9 muito importante, mas tamb\u00e9m \u00e9 sempre um perigo, muitos acontecimentos, muitos programas, muita anima\u00e7\u00e3o, o que faz parte, mas em todo caso eu sempre penso que o Congresso deixa uma marca nas pessoas, vestir a camisa da miss\u00e3o, que \u00e9 o que este Congresso colocou como lema. A partilha, \u201cAm\u00e9rica Mission\u00e1ria Partilha tua f\u00e9\u201d.\u00a0 Am\u00e9rica ainda \u00e9 um continente da F\u00e9 e da esperan\u00e7a e que nos custa talvez acordar para a partilha, eu falo isso a respeito do nosso Brasil porque em termos de voca\u00e7\u00f5es n\u00e3o vamos nos queixar s\u00f3 que as voca\u00e7\u00f5es est\u00e3o em determinadas regi\u00f5es e n\u00e3o acordaram ainda para esse esp\u00edrito mission\u00e1rio. Sair da pr\u00f3pria terra. O povo migra, Brasil \u00e9 um Pa\u00eds de intensa migra\u00e7\u00e3o, sul, norte, nordeste norte e centro norte e os nossos imigrantes n\u00e3o s\u00e3o acompanhados. Por exemplo, eu me queixo muito que os Padres deixam o povo partir para lugares distantes, sem ra\u00edzes e com saudades da terra de origem e querem viver a sua f\u00e9. Mas custa ent\u00e3o encontrar a comunidade da sua f\u00e9, o que acontece \u00e9 que a comunidade que os convida s\u00e3o comunidades de diversas denomina\u00e7\u00f5es crist\u00e3s menos a cat\u00f3lica. \u00c9 um curto passo para largar a pr\u00f3pria igreja de origem, o que \u00e9 lament\u00e1vel. Como exemplo sito Rond\u00f4nia, hoje pode ser considerado um estado evang\u00e9lico, nada contra os evang\u00e9licos, mas n\u00f3s temos que nos fazer a pergunta, O que esta acontecendo? Na minha pr\u00f3pria prelazia onde sou bispo as comunidades tradicionais, as par\u00f3quias tradicionais tem entre 72 e 78% de cat\u00f3licos, mas as comunidades, par\u00f3quias ou munic\u00edpios que sofrem intensa migra\u00e7\u00e3o t\u00eam entre 50% e 48%, ent\u00e3o n\u00e3o adianta olhar as estat\u00edsticas como se faz muitas vezes na CNBB o que importa \u00e9 nos deixar\u00a0 convencer que temos que partir e partilhar nossa f\u00e9, temos que enviar pessoas\u00a0 sejam padres, religiosos (as),\u00a0 leigos (as) para al\u00e9m da pr\u00f3pria diocese, isso custa a acontecer mas eu creio que um sinal dos tempos \u00e9 o pr\u00f3prio Papa que disse que \u201cna Amaz\u00f4nia vai ser um teste para a Igreja no Brasil\u201d, eu gostaria que repercutisse esta palavra do Papa em\u00a0 todos os encontros. A Amaz\u00f4nia \u00e9 mais que a metade do Brasil e continua sendo colocada de escanteio em termos de envio de ministros consagrados e ministros ordenados por nos. Ent\u00e3o o congresso pensa que os brasileiros (as) que est\u00e3o aqui certamente se entusiasmaram com essas perspectivas. N\u00f3s vibramos aqui na Venezuela, mas voltando ao nosso Pa\u00eds \u00e9 ai que come\u00e7a a miss\u00e3o. O Congresso tem a miss\u00e3o de convencer os nossos irm\u00e3os e irm\u00e3s, a sa\u00edrem daqui apaixonados e entusiasmados pela causa, esse entusiasmo e essa paix\u00e3o tem que contagiar, contaminar os outros, ent\u00e3o o congresso tem sentido. <\/p>\n<p><strong>CatolicaNet: Esse congresso teve uma presen\u00e7a muito grande da juventude, a que o senhor atribui isso?<\/p>\n<p>Dom Erwin:<\/strong> Pode ser que a juventude que est\u00e1 aqui tamb\u00e9m estava no Rio, vi muitos jovens com a mochila da JMJ e o Papa Francisco empolgou essa turma, eu penso que no congresso do Rio tamb\u00e9m era muito oba, oba, mas o importante \u00e9 que deixou uma grande marca. O Papa Francisco tem um jeitinho de convencer, animar e os jovens gostam disso, ent\u00e3o creio que o Papa tem uma miss\u00e3o de entusiasmar a juventude e isso se mostrou bem claro no Rio, quem n\u00e3o foi ao Rio assistiu na pr\u00f3pria televis\u00e3o a Jornada Mundial da Juventude e tamb\u00e9m se deixa convencer de que o caminho \u00e9 esse, eu fico feliz que a juventude esta em festa. <br \/>Eu me lembro de um congresso que aconteceu em Altamira, e me chamou a aten\u00e7\u00e3o a quantidade de jovens que estavam presentes\u00a0 com a empolga\u00e7\u00e3o acabei pronunciando: voc\u00eas queridos jovens, mo\u00e7as e rapazes, s\u00e3o o futuro da nossa Igreja, o futuro do Brasil. Procurado por uma jovem depois da missa, ela\u00a0 me disse: Bispo, eu n\u00e3o gostei do seu serm\u00e3o. E eu perguntei: por qu\u00ea?\u00a0 O que eu fiz de errado? Eu me empolguei tanto vendo voc\u00eas, fiquei t\u00e3o feliz! \u2013 O senhor disse que somos o futuro da Igreja, o que seria da igreja sem n\u00f3s? N\u00f3s somos o presente, n\u00e3o s\u00f3 no sentido \u201cpresente de Deus\u201d, mas presente tamb\u00e9m em termos de tempo. Nem passado nem futuro, somos o presente e o presente tamb\u00e9m procura encaminhar o futuro.<\/p>\n<p><strong>CatolicaNet: Pra finalizar, qual a mensagem que o senhor deixa deste Congresso para o Mundo?<\/p>\n<p>Dom Erwin: <\/strong>Para todo o mundo \u00e9 imposs\u00edvel, isso \u00e9 do f\u00f3rum mundial social, mas para n\u00f3s esse outro mundo poss\u00edvel coincide com o Reino, de Deus, Paz, Justi\u00e7a e reino da Fraternidade, aquilo que escutamos no final do pref\u00e1cio do Domingo passado, Cristo Rei, o reino sonhado por Jesus e encaminhado, o reino est\u00e1 entre v\u00f3s, e isso pra mim \u00e9 importante, nunca desanimemos, como diz os Brasileiros \u201cnunca vamos pendurar o chuteira\u201d vamos continuar, suar a camisa e n\u00e3o atrav\u00e9s de fala\u00e7\u00e3o, mas atrav\u00e9s de nosso testemunho por que pra eu evangelizar \u00e9 anunciar, \u00e9 testemunhar, \u00e9 servir e dialogar, s\u00e3o essas quatros dimens\u00f5es que ningu\u00e9m pode esquecer eu desejo isso pra todos nos, cad\u00ea vez mais que nos aprofundemos nesse anuncio, nesse testemunho, nesse servi\u00e7o ao mundo de hoje a sociedade de hoje e ao dialogo com que n\u00e3o pensa como a nos, mas nos n\u00e3o exclu\u00edmos ningu\u00e9m, nossa igreja \u00e9 uma maravilha, porque n\u00e3o exp\u00f5e ningu\u00e9m, entramos em dialogo e isso significa tamb\u00e9m respeita-los quem tem outra opini\u00e3o.<\/p>\n<p style=\"text-align: justify;\">\u00a0<\/p>\n<p style=\"text-align: justify;\"><strong>Local: Maraca\u00edbo<br \/>Fonte: CatolicaNet<\/strong><\/p>\n","protected":false},"excerpt":{"rendered":"<p>Dom Erwin Krautler:\u00a0 \u00c9 um religioso mission\u00e1rio da Congrega\u00e7\u00e3o do Preciosisimo Sangue, atual bispo da prelazia do Xingu, no estado do Par\u00e1. Recebeu da Universidade Federal do Par\u00e1 (UFPA) por seu valios\u00edssimo trabalho o t\u00edtulo de doutor honoris a maior honraria existente no meio acad\u00eamico. Marcou presen\u00e7a no Congresso Mission\u00e1rio &#8211; CAM4 e COMLA9 e [&hellip;]<\/p>\n","protected":false},"author":1,"featured_media":0,"comment_status":"closed","ping_status":"closed","sticky":false,"template":"","format":"standard","meta":{"footnotes":""},"categories":[4],"tags":[],"class_list":["post-3605","post","type-post","status-publish","format-standard","hentry","category-cotidiano"],"_links":{"self":[{"href":"https:\/\/catolicanet.net\/wp-cnet\/wp-json\/wp\/v2\/posts\/3605","targetHints":{"allow":["GET"]}}],"collection":[{"href":"https:\/\/catolicanet.net\/wp-cnet\/wp-json\/wp\/v2\/posts"}],"about":[{"href":"https:\/\/catolicanet.net\/wp-cnet\/wp-json\/wp\/v2\/types\/post"}],"author":[{"embeddable":true,"href":"https:\/\/catolicanet.net\/wp-cnet\/wp-json\/wp\/v2\/users\/1"}],"replies":[{"embeddable":true,"href":"https:\/\/catolicanet.net\/wp-cnet\/wp-json\/wp\/v2\/comments?post=3605"}],"version-history":[{"count":1,"href":"https:\/\/catolicanet.net\/wp-cnet\/wp-json\/wp\/v2\/posts\/3605\/revisions"}],"predecessor-version":[{"id":7911,"href":"https:\/\/catolicanet.net\/wp-cnet\/wp-json\/wp\/v2\/posts\/3605\/revisions\/7911"}],"wp:attachment":[{"href":"https:\/\/catolicanet.net\/wp-cnet\/wp-json\/wp\/v2\/media?parent=3605"}],"wp:term":[{"taxonomy":"category","embeddable":true,"href":"https:\/\/catolicanet.net\/wp-cnet\/wp-json\/wp\/v2\/categories?post=3605"},{"taxonomy":"post_tag","embeddable":true,"href":"https:\/\/catolicanet.net\/wp-cnet\/wp-json\/wp\/v2\/tags?post=3605"}],"curies":[{"name":"wp","href":"https:\/\/api.w.org\/{rel}","templated":true}]}}