{"id":3604,"date":"2013-12-04T15:38:06","date_gmt":"2013-12-04T17:38:06","guid":{"rendered":"http:\/\/catolicanet.net\/wp-cnet\/a-imaculada-conceicao-de-maria\/"},"modified":"2017-03-24T11:35:33","modified_gmt":"2017-03-24T14:35:33","slug":"a-imaculada-conceicao-de-maria","status":"publish","type":"post","link":"https:\/\/catolicanet.net\/wp-cnet\/a-imaculada-conceicao-de-maria\/","title":{"rendered":"A Imaculada Concei\u00e7\u00e3o de Maria"},"content":{"rendered":"<p style=\"text-align: justify;\"><img decoding=\"async\" src=\"http:\/\/catolicanet.com.br\/images\/stories\/convidigal3.jpg\" border=\"0\" align=\"left\" \/>Mensagem especial lan\u00e7a a Virgem Imaculada no recesso de todos os cora\u00e7\u00f5es no dia oito de dezembro. Ela, apenas ela, surgiu pura e ilibada desde o primeiro momento de suas exist\u00eancia e se levantou sobre as ru\u00ednas da humanidade, restaurando a dignidade da esp\u00e9cie humana. Tal a sina de todo homem que vem a este mundo: nasce com a mancha do pecado original. Este \u00e9 um dos dogmas fundamentais da f\u00e9. Nele se acha a explica\u00e7\u00e3o do contraste terr\u00edvel que existe no mais profundo de cada ser racional, manancial inditoso da ininterrupta luta do homem consigo mesmo. A\u00ed est\u00e1 a g\u00eanese de todas as l\u00e1grimas, a fonte de todos os atos her\u00f3icos que enchem as estat\u00edsticas do bem, mas tamb\u00e9m a nascente de todas as mis\u00e9rias que rutilam nas cr\u00f4nicas do mal. Decad\u00eancia de nossa natureza, fora dos planos divinos, o pecado original faz da travessia terrena arena de combate e torna a virtude uma conquista, a nobreza uma vit\u00f3ria, a moralidade um \u00eaxito brilhante. Torna o bem m\u00e9rito; o m\u00e9rito, gl\u00f3ria; a gl\u00f3ria, felicidade perene para os que imp\u00f5em em sua exist\u00eancia o primado dos valores espirituais, sobre as tend\u00eancias inferiores que, desgovernadas, materializam. A grandeza moral que no pensamento de Deus devia ser antes fruto espont\u00e2neo da natureza passou a ser beatificante, mas\u00a0 se tornou \u00e1rdua conquista de uma vida de esfor\u00e7os e lutas. Clamava Petrarca: \u201cVejo o melhor e ao pior me apego\u201d. Antes dele Ov\u00eddio lamentava: \u201cVejo o que \u00e9 melhor, provo isto, mas sigo o pior\u201d, o que, na linguagem famosa de S\u00e3o Paulo, significa: \u201cSinto em meus membros uma lei que contraria a lei do meu esp\u00edrito, pela qual me sinto inclinado a fazer o mal que n\u00e3o quero e n\u00e3o fa\u00e7o o bem que desejo&#8221; (Rm 7,23). S\u00e3o precisamente os clar\u00f5es luminosos da magno triunfo sobre a desordem interior instaurada pelo pecado original que fizeram os grandes her\u00f3is e as vidas gloriosas dos santos que sob o ideal celestial, que \u00e9 Maria Imaculada, realizaram a seu exemplo toda bondade, toda grandeza que Deus espera de cada um. Os santos tiveram que enfrentar grandes batalhas espirituais. No recesso do claustro S\u00e3o Bernardo, o poeta de Maria, sentia a fascina\u00e7\u00e3o terr\u00edvel do mal. Santa Teresa, a preclara carmelita, percebia o encanto profundo das vaidades no fundo de seu convento. Na solid\u00e3o do deserto Santo Ant\u00e3o jogava-se contra os espinheiros para se mortificar. Requintes de hero\u00edsmo surgem na vida de um S\u00e3o Francisco de Assis a se lan\u00e7ar contra a neve em pleno inverno, de um S\u00e3o Luis Gonzaga entre as mais rudes penit\u00eancias, de um S\u00e3o Bento a multiplicar cil\u00edcios, porque os mais terr\u00edveis impulsos os queriam arrastar ao mal. Sim\u00e3o estilita, anacoreta que vivia longe do conv\u00edvio social, para cantar o hino do triunfo, tinha a sua cela no cimo de colunas em ru\u00ednas, orando dia e noite. Santa Clara, na austeridade de vida, no rigor de mortifica\u00e7\u00f5es assombrosas, ascendia \u00e0 montanha da perfei\u00e7\u00e3o. Santa Azela, virgem em Roma e dentro de Roma e quando Roma era o maior teatro das del\u00edcias e vaidades do mundo fez da populosa cidade ermo, para espiritualizar-se na virtude. Na vida de todos os santos chamem-se eles Ambrosio ou Cipriano, Luzia ou In\u00eas, Rita de C\u00e1ssia ou Ant\u00f4nio de P\u00e1dua, na arena de seus cora\u00e7\u00f5es houve sempre o magno combate. Hoje ostentam palmas e coroas, porque, lutando, fizeram a grande op\u00e7\u00e3o pela virtude, pelo bem, pela felicidade aut\u00eantica, pela grandeza genu\u00edna, ideais que contemplaram em Maria Imaculada. Com S\u00e3o Paulo puderam repetir no fim de suas vidas: \u201cCombati o bom combate, guardei a f\u00e9, agora s\u00f3 me resta esperar a coroa que o justo Juiz me reserva\u201d (2 Tm 4,7).Tudo isto alerta da M\u00e3e celeste, pois a ascens\u00e3o moral \u00e9 tarefa \u00e1rdua que s\u00f3 com a morte cessa. No \u00e9pico combate cantam tais e tantas vit\u00f3rias, conhecem tamanhos e t\u00e3o nobres triunfos os que inspirados por ela se sobrep\u00f5em \u00e0s alicia\u00e7\u00f5es da mat\u00e9ria e voam \u00e0s alcantiladas regi\u00f5es do esp\u00edrito, atrav\u00e9s da ren\u00fancia e do sacrif\u00edcio, atra\u00eddos e fascinados pela magnific\u00eancia de sua celestial pureza. Tudo isto convite da Virgem Imaculada a que se imitem como tais santos sua santidade gloriosa e isto tanto mais se imp\u00f5e ao crist\u00e3o de hoje, quanto mais a humanidade se deixa empolgar pelas atra\u00e7\u00f5es terrenas. Propagar o reinado de Maria Imaculada na sociedade e nos lares, nas ruas e lugares de divers\u00e3o, empolgar a todos pelo ideal da virtude, afastar a muitos da frivolidade indigna de almas imortais, fazendo surgir efloresc\u00eancias de atos inspirados por Ela, \u00e9 empreender uma cruzada, por excel\u00eancia, evangelizadora. \u00c9 uma obra\u00a0 que leva \u00e0 serenidade, \u00e0 paz, \u00e0 tranq\u00fcilidade, ao bem estar comum. \u00c9 o mais nobre, o mais importante ideal que pode estadear-se para os filhos da M\u00e3e Imaculada, pois significa prosperar a fam\u00edlia e a na\u00e7\u00e3o e espiritualizar os indiv\u00edduos e a sociedade toda.<\/p>\n<p style=\"text-align: justify;\">\u00a0<\/p>\n<p style=\"text-align: justify;\">* Professor no Semin\u00e1rio de Mariana durante 40 anos.<\/p>\n<p><\/p>\n","protected":false},"excerpt":{"rendered":"<p>Mensagem especial lan\u00e7a a Virgem Imaculada no recesso de todos os cora\u00e7\u00f5es no dia oito de dezembro. Ela, apenas ela, surgiu pura e ilibada desde o primeiro momento de suas exist\u00eancia e se levantou sobre as ru\u00ednas da humanidade, restaurando a dignidade da esp\u00e9cie humana. Tal a sina de todo homem que vem a este [&hellip;]<\/p>\n","protected":false},"author":7,"featured_media":0,"comment_status":"closed","ping_status":"closed","sticky":false,"template":"","format":"standard","meta":{"footnotes":""},"categories":[9],"tags":[],"class_list":["post-3604","post","type-post","status-publish","format-standard","hentry","category-artigos"],"_links":{"self":[{"href":"https:\/\/catolicanet.net\/wp-cnet\/wp-json\/wp\/v2\/posts\/3604","targetHints":{"allow":["GET"]}}],"collection":[{"href":"https:\/\/catolicanet.net\/wp-cnet\/wp-json\/wp\/v2\/posts"}],"about":[{"href":"https:\/\/catolicanet.net\/wp-cnet\/wp-json\/wp\/v2\/types\/post"}],"author":[{"embeddable":true,"href":"https:\/\/catolicanet.net\/wp-cnet\/wp-json\/wp\/v2\/users\/7"}],"replies":[{"embeddable":true,"href":"https:\/\/catolicanet.net\/wp-cnet\/wp-json\/wp\/v2\/comments?post=3604"}],"version-history":[{"count":1,"href":"https:\/\/catolicanet.net\/wp-cnet\/wp-json\/wp\/v2\/posts\/3604\/revisions"}],"predecessor-version":[{"id":7912,"href":"https:\/\/catolicanet.net\/wp-cnet\/wp-json\/wp\/v2\/posts\/3604\/revisions\/7912"}],"wp:attachment":[{"href":"https:\/\/catolicanet.net\/wp-cnet\/wp-json\/wp\/v2\/media?parent=3604"}],"wp:term":[{"taxonomy":"category","embeddable":true,"href":"https:\/\/catolicanet.net\/wp-cnet\/wp-json\/wp\/v2\/categories?post=3604"},{"taxonomy":"post_tag","embeddable":true,"href":"https:\/\/catolicanet.net\/wp-cnet\/wp-json\/wp\/v2\/tags?post=3604"}],"curies":[{"name":"wp","href":"https:\/\/api.w.org\/{rel}","templated":true}]}}