{"id":3600,"date":"2013-12-04T12:23:09","date_gmt":"2013-12-04T14:23:09","guid":{"rendered":"http:\/\/catolicanet.net\/wp-cnet\/francisco-aos-fieis-qressuscitaremos-como-jesusq\/"},"modified":"2017-03-24T11:44:24","modified_gmt":"2017-03-24T14:44:24","slug":"francisco-aos-fieis-qressuscitaremos-como-jesusq","status":"publish","type":"post","link":"https:\/\/catolicanet.net\/wp-cnet\/francisco-aos-fieis-qressuscitaremos-como-jesusq\/","title":{"rendered":"Francisco aos fi\u00e9is: &#8220;Ressuscitaremos como Jesus&#8221;"},"content":{"rendered":"<p style=\"text-align: justify;\"><img decoding=\"async\" src=\"http:\/\/catolicanet.com.br\/images\/stories\/franciscoeosfieis.jpg\" border=\"0\" align=\"left\" \/>O Papa focou a sua catequese desta quarta-feira, 04, na audi\u00eancia geral, no tema da Ressurrei\u00e7\u00e3o. Diante de dezenas de milhares de pessoas que participaram do encontro na Pra\u00e7a S\u00e3o Pedro, o Papa lembrou que o Evangelho afirma que o fato de o Senhor ter ressuscitado \u00e9 a prova que existe a Ressurrei\u00e7\u00e3o dos mortos. Francisco tocou tr\u00eas aspectos desta rela\u00e7\u00e3o:<\/p>\n<p>Em primeiro lugar, citou o Antigo Testamento, que indica que a esperan\u00e7a na Ressurrei\u00e7\u00e3o compreende um ato de f\u00e9 na justi\u00e7a de Deus. J\u00e1 o Novo Testamento recorda que Jesus ressuscitou no \u00faltimo dia e se fez homem como n\u00f3s em tudo, menos no pecado.<\/p>\n<p><strong>\u201cSomos disc\u00edpulos Daquele que veio, vem a cada dia e vir\u00e1 no final. Se conseguirmos ter esta realidade mais presente, seremos menos fadigados no cotidiano, menos prisioneiros do ef\u00eamero e mais dispostos a caminhar com cora\u00e7\u00e3o misericordioso pelo caminho da salva\u00e7\u00e3o. \u00c0 espera de seu Reino, levemos esta esperan\u00e7a tamb\u00e9m aos outros, a fim de que sintam a proximidade e o amor de Deus!\u201d<\/strong>, instou.<\/p>\n<p>O segundo aspecto explicado pelo Pont\u00edfice foi o significado da Ressurrei\u00e7\u00e3o. <strong>\u201cNosso corpo se unir\u00e1 \u00e0 alma gra\u00e7as \u00e0 Ressurrei\u00e7\u00e3o de Jesus. Esta transfigura\u00e7\u00e3o \u2013 disse \u2013 \u00e9 preparada quando nos encontramos com Cristo nos Sacramentos, especialmente na Eucaristia. Nutrindo-nos de seu Corpo e de seu Sangue, ressuscitaremos como Ele, com Ele e por meio Dele\u201d.<br \/><\/strong><br \/><strong>\u201cAssim como Jesus ressuscitou com o seu corpo e n\u00e3o retornou \u00e0 vida terrena, n\u00f3s ressurgiremos com os nossos corpos, que ser\u00e3o transformados em corpos gloriosos, corpos espirituais\u201d, refletiu o Papa, acrescendo de improviso &#8220;que isto n\u00e3o \u00e9 uma mentira&#8221;.<\/strong><\/p>\n<p>Enfim, Francisco acenou ao terceiro elemento: j\u00e1 participamos, em nossa vida da Ressurrei\u00e7\u00e3o de Cristo, mediante o batismo. <strong>\u201cJ\u00e1 temos em nosso corpo uma semente da Ressurrei\u00e7\u00e3o; por isso, devemos respeit\u00e1-lo, assim como deve ser respeitada e amada a vida das pessoas que sofrem, para que sintam a proximidade do Reino de Deus, da condi\u00e7\u00e3o eterna de vida para a qual caminhamos\u201d.<br \/><\/strong><br \/>Depois da catequese, lida em italiano, Francisco passou a saudar os grupos de turistas e peregrinos em v\u00e1rias l\u00ednguas. Em portugu\u00eas, ele cumprimentou <strong>\u201ccom sentimentos de gratid\u00e3o e estima principalmente os grupos brasileiros de Crici\u00fama e Ribeir\u00e3o Preto, invocando sobre seus passos a alegria do encontro com Deus: Jesus Cristo \u00e9 a Tenda divina no meio de n\u00f3s; ide at\u00e9 Ele, vivei na sua gra\u00e7a e tereis a vida eterna\u201d<\/strong>, disse, antes de conceder a todos os presentes a B\u00ean\u00e7\u00e3o de Deus.<\/p>\n<p style=\"text-align: justify;\">\u00a0<\/p>\n<p style=\"text-align: justify;\"><strong>Local: Cidade do Vaticano<br \/>Fonte: R\u00e1dio Vaticano<\/strong><\/p>\n","protected":false},"excerpt":{"rendered":"<p>O Papa focou a sua catequese desta quarta-feira, 04, na audi\u00eancia geral, no tema da Ressurrei\u00e7\u00e3o. Diante de dezenas de milhares de pessoas que participaram do encontro na Pra\u00e7a S\u00e3o Pedro, o Papa lembrou que o Evangelho afirma que o fato de o Senhor ter ressuscitado \u00e9 a prova que existe a Ressurrei\u00e7\u00e3o dos mortos. [&hellip;]<\/p>\n","protected":false},"author":1,"featured_media":0,"comment_status":"closed","ping_status":"closed","sticky":false,"template":"","format":"standard","meta":{"footnotes":""},"categories":[3],"tags":[],"class_list":["post-3600","post","type-post","status-publish","format-standard","hentry","category-vaticano"],"_links":{"self":[{"href":"https:\/\/catolicanet.net\/wp-cnet\/wp-json\/wp\/v2\/posts\/3600","targetHints":{"allow":["GET"]}}],"collection":[{"href":"https:\/\/catolicanet.net\/wp-cnet\/wp-json\/wp\/v2\/posts"}],"about":[{"href":"https:\/\/catolicanet.net\/wp-cnet\/wp-json\/wp\/v2\/types\/post"}],"author":[{"embeddable":true,"href":"https:\/\/catolicanet.net\/wp-cnet\/wp-json\/wp\/v2\/users\/1"}],"replies":[{"embeddable":true,"href":"https:\/\/catolicanet.net\/wp-cnet\/wp-json\/wp\/v2\/comments?post=3600"}],"version-history":[{"count":1,"href":"https:\/\/catolicanet.net\/wp-cnet\/wp-json\/wp\/v2\/posts\/3600\/revisions"}],"predecessor-version":[{"id":7916,"href":"https:\/\/catolicanet.net\/wp-cnet\/wp-json\/wp\/v2\/posts\/3600\/revisions\/7916"}],"wp:attachment":[{"href":"https:\/\/catolicanet.net\/wp-cnet\/wp-json\/wp\/v2\/media?parent=3600"}],"wp:term":[{"taxonomy":"category","embeddable":true,"href":"https:\/\/catolicanet.net\/wp-cnet\/wp-json\/wp\/v2\/categories?post=3600"},{"taxonomy":"post_tag","embeddable":true,"href":"https:\/\/catolicanet.net\/wp-cnet\/wp-json\/wp\/v2\/tags?post=3600"}],"curies":[{"name":"wp","href":"https:\/\/api.w.org\/{rel}","templated":true}]}}