{"id":35982,"date":"2017-11-14T08:46:16","date_gmt":"2017-11-14T10:46:16","guid":{"rendered":"http:\/\/catolicanet.net\/wp-cnet\/?p=35982"},"modified":"2017-11-27T10:22:54","modified_gmt":"2017-11-27T12:22:54","slug":"cop-23-portugal-lanca-alianca-para-descarbonizacao-dos-transportes","status":"publish","type":"post","link":"https:\/\/catolicanet.net\/wp-cnet\/cop-23-portugal-lanca-alianca-para-descarbonizacao-dos-transportes\/","title":{"rendered":"COP 23: Portugal lan\u00e7a Alian\u00e7a para Descarboniza\u00e7\u00e3o dos Transportes"},"content":{"rendered":"<p>Bonn (RV) \u2013 Portugal lan\u00e7a Alian\u00e7a para Descarboniza\u00e7\u00e3o dos Transportes: iniciativa tem parceria de outros pa\u00edses e da plataforma Processo de Paris sobre Mobilidade e Clima, Ppmc; falando \u00e0 ONU News, vice-ministro portugu\u00eas do Ambiente disse ser preciso mais ambi\u00e7\u00e3o e a\u00e7\u00e3o coordenada na \u00e1rea de transportes para cumprir o Acordo de Paris. Laura Gelbert.<\/p>\n<p>&nbsp;<\/p>\n<p><a href=\"http:\/\/media02.radiovaticana.va\/audio\/audio2\/mp3\/00602419.mp3\">Clique aqui para ouvir o \u00e1udio:<\/a><\/p>\n<p>&nbsp;<\/p>\n<p>Portugal, Fran\u00e7a, Holanda, Costa Rica e a plataforma Processo de Paris sobre Mobilidade e Clima, Ppmc, lan\u00e7aram neste fim de semana a Alian\u00e7a para Descarboniza\u00e7\u00e3o dos Transportes.<\/p>\n<p>O lan\u00e7amento foi feito durante a Confer\u00eancia das Na\u00e7\u00f5es Unidas sobre Mudan\u00e7a Clim\u00e1tica, COP 23, em Bonn, na Alemanha. O objetivo da iniciativa \u00e9 estimular maior lideran\u00e7a pol\u00edtica no setor.<\/p>\n<p>Portugal<\/p>\n<p>No s\u00e1bado, o vice-ministro do Ambiente de Portugal, Jos\u00e9 Mendes, disse \u00e0 ONU News ser preciso mais ambi\u00e7\u00e3o e a\u00e7\u00e3o coordenada na \u00e1rea de transportes para cumprir o Acordo de Paris.<\/p>\n<p>&#8220;A verdade \u00e9 que o setor de transportes gera externalidades. E como gera externalidades, nomeadamente emiss\u00f5es de gases de efeito estufa, n\u00f3s temos que tratar dessas externalidades. \u00c9 por isso que aqui, ao n\u00edvel dos Estados, ao n\u00edvel das cidades, ao n\u00edvel das empresas temos que coordenar esfor\u00e7os. E hoje mesmo aqui em Bonn vamos lan\u00e7ar a Alian\u00e7a para a Descarboniza\u00e7\u00e3o dos Transportes que pretende justamente fazer esse tipo de coordena\u00e7\u00e3o de forma que tenhamos sucesso na implementa\u00e7\u00e3o do Acordo de Paris tamb\u00e9m no setor dos transportes&#8221;.<\/p>\n<p>Seis iniciativas<\/p>\n<p>Seis novas iniciativas volunt\u00e1rias do setor tamb\u00e9m foram apresentadas em Bonn para abordar aspectos relacionados aos transportes e as mudan\u00e7as clim\u00e1ticas.<\/p>\n<p>Estas incluem: &#8220;below50&#8221;, ou abaixo de 50, sobre expans\u00e3o do mercado global para combust\u00edveis mais sustent\u00e1veis; Alian\u00e7a EcoMobility, sobre cidades comprometidas com o transporte sustent\u00e1vel; EV100, sobre acelera\u00e7\u00e3o da transi\u00e7\u00e3o para mobilidade el\u00e9trica; Walk 21, que valoriza cidades onde seja mais f\u00e1cil andar; e a Iniciativa Transformando a Mobilidade Urbana, que busca acelerar a implenta\u00e7\u00e3o de transporte urbano sustent\u00e1vel e mitiga\u00e7\u00e3o da mudan\u00e7a clim\u00e1tica.<\/p>\n<p>Laura Gelbert Delgado, da ONU News em Nova Iorque.<\/p>\n<p>Com reportagem de Jerome Bernard, da ONU News em Bonn.<\/p>\n<p>&nbsp;<\/p>\n<p>Fonte: R\u00e1dio Vaticano<\/p>\n","protected":false},"excerpt":{"rendered":"<p>Bonn (RV) \u2013 Portugal lan\u00e7a Alian\u00e7a para Descarboniza\u00e7\u00e3o dos Transportes: iniciativa tem parceria de outros pa\u00edses e da plataforma Processo de Paris sobre Mobilidade e Clima, Ppmc; falando \u00e0 ONU News, vice-ministro portugu\u00eas do Ambiente disse ser preciso mais ambi\u00e7\u00e3o e a\u00e7\u00e3o coordenada na \u00e1rea de transportes para cumprir o Acordo de Paris. Laura Gelbert. [&hellip;]<\/p>\n","protected":false},"author":1,"featured_media":35983,"comment_status":"open","ping_status":"closed","sticky":false,"template":"","format":"standard","meta":{"footnotes":""},"categories":[3],"tags":[],"class_list":["post-35982","post","type-post","status-publish","format-standard","has-post-thumbnail","hentry","category-vaticano"],"_links":{"self":[{"href":"https:\/\/catolicanet.net\/wp-cnet\/wp-json\/wp\/v2\/posts\/35982","targetHints":{"allow":["GET"]}}],"collection":[{"href":"https:\/\/catolicanet.net\/wp-cnet\/wp-json\/wp\/v2\/posts"}],"about":[{"href":"https:\/\/catolicanet.net\/wp-cnet\/wp-json\/wp\/v2\/types\/post"}],"author":[{"embeddable":true,"href":"https:\/\/catolicanet.net\/wp-cnet\/wp-json\/wp\/v2\/users\/1"}],"replies":[{"embeddable":true,"href":"https:\/\/catolicanet.net\/wp-cnet\/wp-json\/wp\/v2\/comments?post=35982"}],"version-history":[{"count":1,"href":"https:\/\/catolicanet.net\/wp-cnet\/wp-json\/wp\/v2\/posts\/35982\/revisions"}],"predecessor-version":[{"id":35984,"href":"https:\/\/catolicanet.net\/wp-cnet\/wp-json\/wp\/v2\/posts\/35982\/revisions\/35984"}],"wp:featuredmedia":[{"embeddable":true,"href":"https:\/\/catolicanet.net\/wp-cnet\/wp-json\/wp\/v2\/media\/35983"}],"wp:attachment":[{"href":"https:\/\/catolicanet.net\/wp-cnet\/wp-json\/wp\/v2\/media?parent=35982"}],"wp:term":[{"taxonomy":"category","embeddable":true,"href":"https:\/\/catolicanet.net\/wp-cnet\/wp-json\/wp\/v2\/categories?post=35982"},{"taxonomy":"post_tag","embeddable":true,"href":"https:\/\/catolicanet.net\/wp-cnet\/wp-json\/wp\/v2\/tags?post=35982"}],"curies":[{"name":"wp","href":"https:\/\/api.w.org\/{rel}","templated":true}]}}