{"id":35979,"date":"2017-11-14T08:12:25","date_gmt":"2017-11-14T10:12:25","guid":{"rendered":"http:\/\/catolicanet.net\/wp-cnet\/?p=35979"},"modified":"2017-11-27T10:19:08","modified_gmt":"2017-11-27T12:19:08","slug":"a-espera-do-papa-card-bo-pede-o-fim-do-odio-em-mianmar","status":"publish","type":"post","link":"https:\/\/catolicanet.net\/wp-cnet\/a-espera-do-papa-card-bo-pede-o-fim-do-odio-em-mianmar\/","title":{"rendered":"\u00c0 espera do Papa, Card. Bo pede o fim do \u00f3dio em Mianmar"},"content":{"rendered":"<p>Yangun (RV) \u2013 Faltando poucos dias para a visita do Papa a Mianmar, o Arcebispo de Yangun, Cardeal Charles Bo, divulgou um comunicado para condenar os discursos que incitam ao \u00f3dio e manifestar o seu apoio \u00e0s iniciativas do governo de Aung San Suu Kyi.<\/p>\n<p>\u201cN\u00f3s, como na\u00e7\u00e3o, devemos dirigir a nossa aten\u00e7\u00e3o a alguns grandes desafios que nos dizem respeito\u201d, escreve o Cardeal, citando: a pobreza da maioria dos cidad\u00e3os de Mianmar, o sofrimento de milh\u00f5es de jovens explorados pelos pa\u00edses vizinhos como escravos modernos em trabalhos perigosos, os conflitos que ainda persistem em algumas regi\u00f5es e a amea\u00e7a das drogas nas fronteiras.<\/p>\n<p>\u201cN\u00e3o podemos nos distrair com as dificuldades e os problemas cr\u00f4nicos desta na\u00e7\u00e3o h\u00e1 muito tempo sofredora\u201d, afirma ainda o Arcebispo de Yangun, que dirige um apelo aos empres\u00e1rios, acad\u00eamicos e pol\u00edticos para que deixem de lado o \u00f3dio, pois representa \u201cuma fal\u00eancia ao reconhecer as pessoas como seres humanos\u201d.<\/p>\n<p>\u201cComo seres humanos, compartilhamos um destino comum. As nossas l\u00e1grimas s\u00e3o as mesmas, o nosso sangue \u00e9 o mesmo. Todos n\u00f3s devemos evitar todos os discursos de \u00f3dio\u201d que \u201cenvenenam as mentes e ajudam os mercantes de morte\u201d, declara o anfitri\u00e3o do Papa.<\/p>\n<p>Francisco ser\u00e1 o primeiro Pont\u00edfice a visitar o Mianmar, pa\u00eds que recentemente iniciou um percurso democr\u00e1tico. A viagem est\u00e1 marcada de 26 a 1\u00ba de dezembro, com uma etapa na vizinha Bangladesh.<\/p>\n<p>&nbsp;<\/p>\n<p>Fonte: R\u00e1dio Vaticano<\/p>\n","protected":false},"excerpt":{"rendered":"<p>Yangun (RV) \u2013 Faltando poucos dias para a visita do Papa a Mianmar, o Arcebispo de Yangun, Cardeal Charles Bo, divulgou um comunicado para condenar os discursos que incitam ao \u00f3dio e manifestar o seu apoio \u00e0s iniciativas do governo de Aung San Suu Kyi. \u201cN\u00f3s, como na\u00e7\u00e3o, devemos dirigir a nossa aten\u00e7\u00e3o a alguns [&hellip;]<\/p>\n","protected":false},"author":1,"featured_media":35980,"comment_status":"open","ping_status":"closed","sticky":false,"template":"","format":"standard","meta":{"footnotes":""},"categories":[3],"tags":[],"class_list":["post-35979","post","type-post","status-publish","format-standard","has-post-thumbnail","hentry","category-vaticano"],"_links":{"self":[{"href":"https:\/\/catolicanet.net\/wp-cnet\/wp-json\/wp\/v2\/posts\/35979","targetHints":{"allow":["GET"]}}],"collection":[{"href":"https:\/\/catolicanet.net\/wp-cnet\/wp-json\/wp\/v2\/posts"}],"about":[{"href":"https:\/\/catolicanet.net\/wp-cnet\/wp-json\/wp\/v2\/types\/post"}],"author":[{"embeddable":true,"href":"https:\/\/catolicanet.net\/wp-cnet\/wp-json\/wp\/v2\/users\/1"}],"replies":[{"embeddable":true,"href":"https:\/\/catolicanet.net\/wp-cnet\/wp-json\/wp\/v2\/comments?post=35979"}],"version-history":[{"count":1,"href":"https:\/\/catolicanet.net\/wp-cnet\/wp-json\/wp\/v2\/posts\/35979\/revisions"}],"predecessor-version":[{"id":35981,"href":"https:\/\/catolicanet.net\/wp-cnet\/wp-json\/wp\/v2\/posts\/35979\/revisions\/35981"}],"wp:featuredmedia":[{"embeddable":true,"href":"https:\/\/catolicanet.net\/wp-cnet\/wp-json\/wp\/v2\/media\/35980"}],"wp:attachment":[{"href":"https:\/\/catolicanet.net\/wp-cnet\/wp-json\/wp\/v2\/media?parent=35979"}],"wp:term":[{"taxonomy":"category","embeddable":true,"href":"https:\/\/catolicanet.net\/wp-cnet\/wp-json\/wp\/v2\/categories?post=35979"},{"taxonomy":"post_tag","embeddable":true,"href":"https:\/\/catolicanet.net\/wp-cnet\/wp-json\/wp\/v2\/tags?post=35979"}],"curies":[{"name":"wp","href":"https:\/\/api.w.org\/{rel}","templated":true}]}}