{"id":35973,"date":"2017-11-14T07:40:52","date_gmt":"2017-11-14T09:40:52","guid":{"rendered":"http:\/\/catolicanet.net\/wp-cnet\/?p=35973"},"modified":"2017-11-27T10:07:21","modified_gmt":"2017-11-27T12:07:21","slug":"jornada-mundial-dos-pobres-12-a-19-de-novembro","status":"publish","type":"post","link":"https:\/\/catolicanet.net\/wp-cnet\/jornada-mundial-dos-pobres-12-a-19-de-novembro\/","title":{"rendered":"Jornada Mundial dos Pobres \u2013 12 a 19 de novembro"},"content":{"rendered":"<p>A Igreja realiza de 12 a 19 de novembro, a Jornada Mundial dos Pobres, com o tema: \u201cN\u00e3o amemos com palavras, mas com obras\u201d. Trata-se, segundo mensagem do papa Francisco, publicada dia 17 de junho deste ano, de um convite dirigido a todos, independente de sua cren\u00e7a religiosa, para que se abram \u00e0 partilha com os pobres em todas as formas de solidariedade, como sinal concreto de fraternidade.<\/p>\n<p>Segundo o santo padre, o amor n\u00e3o admite \u00e1libes. \u201cQuem pretende amar como Jesus amou, deve assumir o seu exemplo, sobretudo quando somos chamados a amar os pobres\u201d, diz trecho do texto. Institu\u00eddo pelo chefe da Igreja Cat\u00f3lica na conclus\u00e3o do Ano Santo Extraordin\u00e1rio da Miseric\u00f3rdia, o primeiro Dia Mundial dos Pobres ser\u00e1 celebrado pela Igreja em todo mundo no pr\u00f3ximo dia 19 de novembro, 33\u00ba domingo do Tempo Comum.<\/p>\n<p>No Brasil, a anima\u00e7\u00e3o e coordena\u00e7\u00e3o das atividades foi delegada \u00e0 C\u00e1ritas Brasileira, um dos organismos da Confer\u00eancia Nacional dos Bispos do Brasil (CNBB), por sua experi\u00eancia na realiza\u00e7\u00e3o Semana da Solidariedade.<\/p>\n<p>Acompanhe as not\u00edcias em: www.caritas.org.br<\/p>\n<p>&nbsp;<\/p>\n<p>Fonte: CNBB<\/p>\n","protected":false},"excerpt":{"rendered":"<p>A Igreja realiza de 12 a 19 de novembro, a Jornada Mundial dos Pobres, com o tema: \u201cN\u00e3o amemos com palavras, mas com obras\u201d. Trata-se, segundo mensagem do papa Francisco, publicada dia 17 de junho deste ano, de um convite dirigido a todos, independente de sua cren\u00e7a religiosa, para que se abram \u00e0 partilha com [&hellip;]<\/p>\n","protected":false},"author":1,"featured_media":35974,"comment_status":"open","ping_status":"closed","sticky":false,"template":"","format":"standard","meta":{"footnotes":""},"categories":[7],"tags":[],"class_list":["post-35973","post","type-post","status-publish","format-standard","has-post-thumbnail","hentry","category-cnbb"],"_links":{"self":[{"href":"https:\/\/catolicanet.net\/wp-cnet\/wp-json\/wp\/v2\/posts\/35973","targetHints":{"allow":["GET"]}}],"collection":[{"href":"https:\/\/catolicanet.net\/wp-cnet\/wp-json\/wp\/v2\/posts"}],"about":[{"href":"https:\/\/catolicanet.net\/wp-cnet\/wp-json\/wp\/v2\/types\/post"}],"author":[{"embeddable":true,"href":"https:\/\/catolicanet.net\/wp-cnet\/wp-json\/wp\/v2\/users\/1"}],"replies":[{"embeddable":true,"href":"https:\/\/catolicanet.net\/wp-cnet\/wp-json\/wp\/v2\/comments?post=35973"}],"version-history":[{"count":1,"href":"https:\/\/catolicanet.net\/wp-cnet\/wp-json\/wp\/v2\/posts\/35973\/revisions"}],"predecessor-version":[{"id":35975,"href":"https:\/\/catolicanet.net\/wp-cnet\/wp-json\/wp\/v2\/posts\/35973\/revisions\/35975"}],"wp:featuredmedia":[{"embeddable":true,"href":"https:\/\/catolicanet.net\/wp-cnet\/wp-json\/wp\/v2\/media\/35974"}],"wp:attachment":[{"href":"https:\/\/catolicanet.net\/wp-cnet\/wp-json\/wp\/v2\/media?parent=35973"}],"wp:term":[{"taxonomy":"category","embeddable":true,"href":"https:\/\/catolicanet.net\/wp-cnet\/wp-json\/wp\/v2\/categories?post=35973"},{"taxonomy":"post_tag","embeddable":true,"href":"https:\/\/catolicanet.net\/wp-cnet\/wp-json\/wp\/v2\/tags?post=35973"}],"curies":[{"name":"wp","href":"https:\/\/api.w.org\/{rel}","templated":true}]}}