{"id":35930,"date":"2017-11-10T07:13:51","date_gmt":"2017-11-10T09:13:51","guid":{"rendered":"http:\/\/catolicanet.net\/wp-cnet\/?p=35930"},"modified":"2017-11-27T09:27:27","modified_gmt":"2017-11-27T11:27:27","slug":"ano-do-laicato-e-o-tema-da-campanha-para-evangelizacao-de-2017-da-cnbb","status":"publish","type":"post","link":"https:\/\/catolicanet.net\/wp-cnet\/ano-do-laicato-e-o-tema-da-campanha-para-evangelizacao-de-2017-da-cnbb\/","title":{"rendered":"Ano do Laicato \u00e9 o tema da Campanha para Evangeliza\u00e7\u00e3o de 2017 da CNBB"},"content":{"rendered":"<p>Em sintonia com o Ano do Laicato, a Campanha para a Evangeliza\u00e7\u00e3o deste ano que tem como tema \u201cCrist\u00e3os leigos e leigas comprometidos com a Evangeliza\u00e7\u00e3o\u201d e o lema \u201cSal da Terra e Luz do Mundo\u201d (Mt 5, 13-14).<\/p>\n<p>A abertura da CE \u00e9 realizada na Festa de Cristo Rei, este ano 26 de novembro, mesmo dia que a Igreja no Brasil far\u00e1 a abertura do ano que ser\u00e1 dedicado aos crist\u00e3os leigos e leigas. A campanha tem dura\u00e7\u00e3o de tr\u00eas semanas e a conclus\u00e3o acontece no terceiro domingo do Advento, dia 17 de dezembro, quando deve ser realizada, em todas as comunidades cat\u00f3licas, a Coleta para a a\u00e7\u00e3o evangelizadora no Brasil.<\/p>\n<p>O Objetivo da campanha \u00e9 despertar os disc\u00edpulos e as disc\u00edpulas mission\u00e1rios para o compromisso evangelizador e para a responsabilidade pela sustenta\u00e7\u00e3o das atividades pastorais no Brasil. A iniciativa considera a ajuda para dioceses de regi\u00f5es mais desassistidas e necessitadas.<\/p>\n<p><img loading=\"lazy\" decoding=\"async\" src=\"http:\/\/cnbb.net.br\/wp-content\/uploads\/sites\/32\/2017\/11\/xFolder.png.pagespeed.ic.Ue8EyqToLv.png\" width=\"300\" height=\"173\" border=\"0\" \/>\u201cA Campanha para Evangeliza\u00e7\u00e3o \u00e9 uma experi\u00eancia que instiga a comunh\u00e3o e partilha dos bens entre as Igrejas particulares, assim como acontecia nas comunidades primitivas do Novo Testamento, cujo relato encontramos nos Atos dos Ap\u00f3stolos e nas cartas paulinas, explica o secret\u00e1rio executivo da CE, padre Lu\u00eds Fernando da Silva.<\/p>\n<p>A Campanha da Evangeliza\u00e7\u00e3o j\u00e1 est\u00e1 em andamento, todas as par\u00f3quias do Brasil receberam folders informativos sobre o tema e o lema da CE 2017 e os envelopes para a coleta. Al\u00e9m disso, j\u00e1 est\u00e1 \u00e0 disposi\u00e7\u00e3o o cartaz para ser adquirido ou baixado atrav\u00e9s do site da Edi\u00e7\u00f5es CNBB.<\/p>\n<p>Padre Lu\u00eds Fernando da Silva lembra que \u201cA Igreja no Brasil mais uma vez faz um forte apelo para que nossas comunidades locais se motivem na comunh\u00e3o e na participa\u00e7\u00e3o para que, por meio dessa partilha, muitas iniciativas de evangeliza\u00e7\u00e3o sejam fortalecidas em todo o pa\u00eds\u201d.<\/p>\n<p>Com a coleta desse ano pretende-se apoiar as in\u00fameras iniciativas da Igreja no Brasil promovidas pelos crist\u00e3os leigos e leigas no servi\u00e7o da evangeliza\u00e7\u00e3o, da dinamiza\u00e7\u00e3o das pastorais, na luta pela justi\u00e7a social, nas experi\u00eancias mission\u00e1rias das Igrejas irm\u00e3s e na miss\u00e3o ad gentes.<\/p>\n<p>A Campanha para Evangeliza\u00e7\u00e3o<\/p>\n<p>Criada em 1997, durante a Assembleia Geral da CNBB, e iniciada em 1998, a Campanha para Evangeliza\u00e7\u00e3o tem como objetivo favorecer a viv\u00eancia do tempo lit\u00fargico do Advento e mobilizar a todos para uma Coleta Nacional que ofere\u00e7a recursos a serem aplicados na sustenta\u00e7\u00e3o do trabalho mission\u00e1rio no Brasil. Tal iniciativa considera a ajuda para dioceses de regi\u00f5es mais desassistidas e necessitadas.<\/p>\n<p>O gesto concreto de colabora\u00e7\u00e3o na Coleta para a Evangeliza\u00e7\u00e3o ser\u00e1 partilhado, solidariamente, entre as dioceses, que receber\u00e3o 45% dos recursos; os 18 regionais da CNBB, que ter\u00e3o 20%; e a CNBB Nacional, que contar\u00e1 com 35% das contribui\u00e7\u00f5es.<\/p>\n<p>&nbsp;<\/p>\n<p>Fonte: CNBB<\/p>\n","protected":false},"excerpt":{"rendered":"<p>Em sintonia com o Ano do Laicato, a Campanha para a Evangeliza\u00e7\u00e3o deste ano que tem como tema \u201cCrist\u00e3os leigos e leigas comprometidos com a Evangeliza\u00e7\u00e3o\u201d e o lema \u201cSal da Terra e Luz do Mundo\u201d (Mt 5, 13-14). A abertura da CE \u00e9 realizada na Festa de Cristo Rei, este ano 26 de novembro, [&hellip;]<\/p>\n","protected":false},"author":1,"featured_media":35931,"comment_status":"open","ping_status":"closed","sticky":false,"template":"","format":"standard","meta":{"footnotes":""},"categories":[7],"tags":[],"class_list":["post-35930","post","type-post","status-publish","format-standard","has-post-thumbnail","hentry","category-cnbb"],"_links":{"self":[{"href":"https:\/\/catolicanet.net\/wp-cnet\/wp-json\/wp\/v2\/posts\/35930","targetHints":{"allow":["GET"]}}],"collection":[{"href":"https:\/\/catolicanet.net\/wp-cnet\/wp-json\/wp\/v2\/posts"}],"about":[{"href":"https:\/\/catolicanet.net\/wp-cnet\/wp-json\/wp\/v2\/types\/post"}],"author":[{"embeddable":true,"href":"https:\/\/catolicanet.net\/wp-cnet\/wp-json\/wp\/v2\/users\/1"}],"replies":[{"embeddable":true,"href":"https:\/\/catolicanet.net\/wp-cnet\/wp-json\/wp\/v2\/comments?post=35930"}],"version-history":[{"count":1,"href":"https:\/\/catolicanet.net\/wp-cnet\/wp-json\/wp\/v2\/posts\/35930\/revisions"}],"predecessor-version":[{"id":35932,"href":"https:\/\/catolicanet.net\/wp-cnet\/wp-json\/wp\/v2\/posts\/35930\/revisions\/35932"}],"wp:featuredmedia":[{"embeddable":true,"href":"https:\/\/catolicanet.net\/wp-cnet\/wp-json\/wp\/v2\/media\/35931"}],"wp:attachment":[{"href":"https:\/\/catolicanet.net\/wp-cnet\/wp-json\/wp\/v2\/media?parent=35930"}],"wp:term":[{"taxonomy":"category","embeddable":true,"href":"https:\/\/catolicanet.net\/wp-cnet\/wp-json\/wp\/v2\/categories?post=35930"},{"taxonomy":"post_tag","embeddable":true,"href":"https:\/\/catolicanet.net\/wp-cnet\/wp-json\/wp\/v2\/tags?post=35930"}],"curies":[{"name":"wp","href":"https:\/\/api.w.org\/{rel}","templated":true}]}}