{"id":3588,"date":"2013-12-03T11:35:58","date_gmt":"2013-12-03T13:35:58","guid":{"rendered":"http:\/\/catolicanet.net\/wp-cnet\/cardeal-de-caracas-pede-qeleicoes-em-libredadeq\/"},"modified":"2017-03-24T11:51:21","modified_gmt":"2017-03-24T14:51:21","slug":"cardeal-de-caracas-pede-qeleicoes-em-libredadeq","status":"publish","type":"post","link":"https:\/\/catolicanet.net\/wp-cnet\/cardeal-de-caracas-pede-qeleicoes-em-libredadeq\/","title":{"rendered":"Cardeal de Caracas pede &#8220;elei\u00e7\u00f5es em libredade&#8221;"},"content":{"rendered":"<p style=\"text-align: justify;\"><img decoding=\"async\" src=\"http:\/\/catolicanet.com.br\/images\/stories\/domjorgeurosasavino.jpg\" border=\"0\" align=\"left\" \/>A Igreja Cat\u00f3lica na Venezuela pede aos cidad\u00e3os do pa\u00eds que participem ativamente nas elei\u00e7\u00f5es municipais, marcadas para 08 de dezembro, votando com calma e em liberdade.<\/p>\n<p>Falando \u00e0 imprensa venezuelana, o Cardeal-arcebispo de Caracas, Dom Jorge Urosa Savino, disse que \u201ceste \u00e9 um direito que temos e h\u00e1 que exerc\u00ea-lo com liberdade e n\u00e3o coagido. Quero insistir nisto, porque \u00e0s vezes ouvimos dizer que h\u00e1 amea\u00e7as, press\u00f5es, chantagens. O voto \u00e9 secreto, s\u00f3 Deus sabe por quem cada um vota\u201d.<\/p>\n<p>Aproximadamente 19 milh\u00f5es de venezuelanos e cidad\u00e3os estrangeiros radicados h\u00e1 mais de dez anos no pa\u00eds, ir\u00e3o domingo \u00e0s urnas para eleger os Presidentes de c\u00e2maras municipais e outros dirigentes locais, assim como representantes ind\u00edgenas dos 335 munic\u00edpios do pa\u00eds.<br \/>Segundo o Cardeal Savino, a Igreja apela \u201ca participar maci\u00e7amente nas elei\u00e7\u00f5es municipais, sendo o voto uma obriga\u00e7\u00e3o moral, que n\u00e3o pode ser omitida na contribui\u00e7\u00e3o para o bem comum\u201d.<\/p>\n<p>\u201cNingu\u00e9m pode ficar em casa pintado na parede (imobilizado), porque n\u00e3o ter\u00e1 capacidade para mudar o que se quer mudar ou para conservar o que se deve conservar. Quem estiver contente com a atual situa\u00e7\u00e3o votar\u00e1 pelo que temos agora, e quem estiver descontente ter\u00e1 de votar por algo distinto\u201d, frisou o arcebispo de Caracas.<\/p>\n<p>Dom Jorge Urosa Savino instou os cidad\u00e3os venezuelanos a fazer das elei\u00e7\u00f5es uma \u201cjornada de conviv\u00eancia\u201d e a evitar qualquer tipo de desordem ou altera\u00e7\u00e3o.<\/p>\n<p style=\"text-align: justify;\">\u00a0<\/p>\n<p style=\"text-align: justify;\"><strong>Local: Caracas<br \/>Fonte: R\u00e1dio Vaticano<\/strong><\/p>\n","protected":false},"excerpt":{"rendered":"<p>A Igreja Cat\u00f3lica na Venezuela pede aos cidad\u00e3os do pa\u00eds que participem ativamente nas elei\u00e7\u00f5es municipais, marcadas para 08 de dezembro, votando com calma e em liberdade. Falando \u00e0 imprensa venezuelana, o Cardeal-arcebispo de Caracas, Dom Jorge Urosa Savino, disse que \u201ceste \u00e9 um direito que temos e h\u00e1 que exerc\u00ea-lo com liberdade e n\u00e3o [&hellip;]<\/p>\n","protected":false},"author":1,"featured_media":0,"comment_status":"closed","ping_status":"closed","sticky":false,"template":"","format":"standard","meta":{"footnotes":""},"categories":[3],"tags":[],"class_list":["post-3588","post","type-post","status-publish","format-standard","hentry","category-vaticano"],"_links":{"self":[{"href":"https:\/\/catolicanet.net\/wp-cnet\/wp-json\/wp\/v2\/posts\/3588","targetHints":{"allow":["GET"]}}],"collection":[{"href":"https:\/\/catolicanet.net\/wp-cnet\/wp-json\/wp\/v2\/posts"}],"about":[{"href":"https:\/\/catolicanet.net\/wp-cnet\/wp-json\/wp\/v2\/types\/post"}],"author":[{"embeddable":true,"href":"https:\/\/catolicanet.net\/wp-cnet\/wp-json\/wp\/v2\/users\/1"}],"replies":[{"embeddable":true,"href":"https:\/\/catolicanet.net\/wp-cnet\/wp-json\/wp\/v2\/comments?post=3588"}],"version-history":[{"count":1,"href":"https:\/\/catolicanet.net\/wp-cnet\/wp-json\/wp\/v2\/posts\/3588\/revisions"}],"predecessor-version":[{"id":7927,"href":"https:\/\/catolicanet.net\/wp-cnet\/wp-json\/wp\/v2\/posts\/3588\/revisions\/7927"}],"wp:attachment":[{"href":"https:\/\/catolicanet.net\/wp-cnet\/wp-json\/wp\/v2\/media?parent=3588"}],"wp:term":[{"taxonomy":"category","embeddable":true,"href":"https:\/\/catolicanet.net\/wp-cnet\/wp-json\/wp\/v2\/categories?post=3588"},{"taxonomy":"post_tag","embeddable":true,"href":"https:\/\/catolicanet.net\/wp-cnet\/wp-json\/wp\/v2\/tags?post=3588"}],"curies":[{"name":"wp","href":"https:\/\/api.w.org\/{rel}","templated":true}]}}