{"id":3582,"date":"2013-12-02T17:38:33","date_gmt":"2013-12-02T19:38:33","guid":{"rendered":"http:\/\/catolicanet.net\/wp-cnet\/caritas-celebra-25-anos-de-atuacao-no-ceara\/"},"modified":"2017-03-24T11:58:42","modified_gmt":"2017-03-24T14:58:42","slug":"caritas-celebra-25-anos-de-atuacao-no-ceara","status":"publish","type":"post","link":"https:\/\/catolicanet.net\/wp-cnet\/caritas-celebra-25-anos-de-atuacao-no-ceara\/","title":{"rendered":"C\u00e1ritas celebra 25 anos de atua\u00e7\u00e3o no Cear\u00e1"},"content":{"rendered":"<p style=\"text-align: justify;\"><img decoding=\"async\" src=\"http:\/\/catolicanet.com.br\/images\/stories\/caritassolidariedadetransforma.jpg\" border=\"0\" align=\"left\" \/>A C\u00e1ritas Brasileira &#8211; Regional Nordeste 1, promove a partir desta segunda-feira, 2, o encontro de avalia\u00e7\u00e3o, em Fortaleza. At\u00e9 a pr\u00f3xima quarta-feira, os participantes dever\u00e3o realizar uma estudo sobre an\u00e1lise de conjuntura eclesial e sociopol\u00edtica. A diretora-executiva da C\u00e1ritas Brasileira, Cristina dos Anjos, assessora o evento, que tamb\u00e9m abordar\u00e1 a quest\u00e3o da sustentabilidade dos trabalhos desenvolvidos pelo organismo. <\/p>\n<p>\u201cA pol\u00edtica de sustentabilidade da C\u00e1ritas foi se construindo na \u00faltima d\u00e9cada, dando aten\u00e7\u00e3o a diferentes dimens\u00f5es: organizativa, sociopol\u00edtica, t\u00e9cnico-operacional e financeira. Do ponto de vista de sua organiza\u00e7\u00e3o, a presen\u00e7a no conjunto da Igreja torna a rede mais enraizada, integrada e atuante na defesa dos direitos e da vida\u201d, afirma a secret\u00e1ria regional, Gl\u00f3ria Carvalho.<\/p>\n<p>O encontro tamb\u00e9m marca a celebra\u00e7\u00e3o dos 25 anos de atua\u00e7\u00e3o da C\u00e1ritas no Cear\u00e1, que hoje conta com 8 entidades-membro. Para a integrante da coordena\u00e7\u00e3o colegiada do regional, Patr\u00edcia Amorim, \u201ca caminhada da C\u00e1ritas no Cear\u00e1 \u00e9 marcada pela solidariedade e a possibilidade de contribuir na transforma\u00e7\u00e3o das vidas de milhares de pessoas.\u201d<\/p>\n<p>Atualmente a Rede C\u00e1ritas no Cear\u00e1 \u00e9 composta pela C\u00e1ritas arquidiocesana de Fortaleza e pelas C\u00e1ritas Diocesanas de Crate\u00fas, Crato, Iguatu, Itapipoca, Limoeiro do Norte, Sobral, a Pastoral Social de Tiangu\u00e1 e pelo Secretariado Regional. S\u00e3o acompanhadas por estas entidades cerca de 10 mil fam\u00edlias, atendidas por 103 agentes.<\/p>\n<p style=\"text-align: justify;\">\u00a0<\/p>\n<p style=\"text-align: justify;\"><strong>Local: Bras\u00edlia (DF)<br \/>Fonte: CNBB<\/strong><\/p>\n","protected":false},"excerpt":{"rendered":"<p>A C\u00e1ritas Brasileira &#8211; Regional Nordeste 1, promove a partir desta segunda-feira, 2, o encontro de avalia\u00e7\u00e3o, em Fortaleza. At\u00e9 a pr\u00f3xima quarta-feira, os participantes dever\u00e3o realizar uma estudo sobre an\u00e1lise de conjuntura eclesial e sociopol\u00edtica. A diretora-executiva da C\u00e1ritas Brasileira, Cristina dos Anjos, assessora o evento, que tamb\u00e9m abordar\u00e1 a quest\u00e3o da sustentabilidade dos [&hellip;]<\/p>\n","protected":false},"author":1,"featured_media":0,"comment_status":"closed","ping_status":"closed","sticky":false,"template":"","format":"standard","meta":{"footnotes":""},"categories":[7],"tags":[],"class_list":["post-3582","post","type-post","status-publish","format-standard","hentry","category-cnbb"],"_links":{"self":[{"href":"https:\/\/catolicanet.net\/wp-cnet\/wp-json\/wp\/v2\/posts\/3582","targetHints":{"allow":["GET"]}}],"collection":[{"href":"https:\/\/catolicanet.net\/wp-cnet\/wp-json\/wp\/v2\/posts"}],"about":[{"href":"https:\/\/catolicanet.net\/wp-cnet\/wp-json\/wp\/v2\/types\/post"}],"author":[{"embeddable":true,"href":"https:\/\/catolicanet.net\/wp-cnet\/wp-json\/wp\/v2\/users\/1"}],"replies":[{"embeddable":true,"href":"https:\/\/catolicanet.net\/wp-cnet\/wp-json\/wp\/v2\/comments?post=3582"}],"version-history":[{"count":1,"href":"https:\/\/catolicanet.net\/wp-cnet\/wp-json\/wp\/v2\/posts\/3582\/revisions"}],"predecessor-version":[{"id":7934,"href":"https:\/\/catolicanet.net\/wp-cnet\/wp-json\/wp\/v2\/posts\/3582\/revisions\/7934"}],"wp:attachment":[{"href":"https:\/\/catolicanet.net\/wp-cnet\/wp-json\/wp\/v2\/media?parent=3582"}],"wp:term":[{"taxonomy":"category","embeddable":true,"href":"https:\/\/catolicanet.net\/wp-cnet\/wp-json\/wp\/v2\/categories?post=3582"},{"taxonomy":"post_tag","embeddable":true,"href":"https:\/\/catolicanet.net\/wp-cnet\/wp-json\/wp\/v2\/tags?post=3582"}],"curies":[{"name":"wp","href":"https:\/\/api.w.org\/{rel}","templated":true}]}}