{"id":35813,"date":"2017-11-06T07:58:27","date_gmt":"2017-11-06T09:58:27","guid":{"rendered":"http:\/\/catolicanet.net\/wp-cnet\/?p=35813"},"modified":"2017-11-24T15:17:24","modified_gmt":"2017-11-24T17:17:24","slug":"papa-e-preciso-deixar-se-misericordiar-por-deus","status":"publish","type":"post","link":"https:\/\/catolicanet.net\/wp-cnet\/papa-e-preciso-deixar-se-misericordiar-por-deus\/","title":{"rendered":"Papa: \u00e9 preciso deixar-se &#8220;misericordiar&#8221; por Deus"},"content":{"rendered":"<p>Cidade do Vaticano (RV) &#8211; Quando Deus d\u00e1 um dom, este \u00e9 irrevog\u00e1vel. Isto \u00e9, n\u00e3o pode ser desfeito, n\u00e3o d\u00e1 hoje e tira amanh\u00e3. Quando Deus chama, esta chamada permanece toda a vida. Assim tem in\u00edcio a homilia do Papa na Casa Santa Marta, inspirada pela \u201celei\u00e7\u00e3o de Deus\u201d, presente na leitura do dia de S\u00e3o Paulo aos Romanos.<\/p>\n<p>Na hist\u00f3ria da salva\u00e7\u00e3o, explicou o Papa, tr\u00eas foram os dons e os chamados de Deus ao seu povo. Todos irrevog\u00e1veis, porque Deus \u00e9 fiel: \u201co dom da elei\u00e7\u00e3o, da promessa e da alian\u00e7a\u201d. Foi assim para Abra\u00e3o, e \u00e9 assim para cada um de n\u00f3s:<\/p>\n<p>\u201cCada um de n\u00f3s \u00e9 um eleito, uma eleita de Deus. Cada um de n\u00f3s carrega uma promessa que o Senhor fez: \u2018Caminha na minha presen\u00e7a, seja irrepreens\u00edvel e eu lhe farei isso\u2019. E cada um de n\u00f3s faz alian\u00e7as com o Senhor. Pode faz\u00ea-las, n\u00e3o quer faz\u00ea-las \u2013 \u00e9 livre. Mas isso \u00e9 um fato. E tamb\u00e9m deve ser uma pergunta: como sinto eu a elei\u00e7\u00e3o? Ou me sinto crist\u00e3o por acaso? Como eu vivo a promessa, uma promessa de salva\u00e7\u00e3o no meu caminho, e como sou fiel \u00e0 alian\u00e7a? Como Ele \u00e9 fiel?\u201d.<\/p>\n<p>Diante, portanto, da \u201cpr\u00f3pria fidelidade\u201d que \u00e9 Deus, podemos nos perguntar: n\u00f3s sentimos o Seu \u201ccarinho\u201d, o Seu \u201ccuidar\u201d de n\u00f3s e o Seu \u201cprocurar-nos\u201d quando nos afastamos?<\/p>\n<p>E ainda, prosseguiu Francisco comentando a leitura de S\u00e3o Paulo: falando da elei\u00e7\u00e3o de Deus, o Ap\u00f3stolo repete quatro vezes duas palavras: \u201cdesobedi\u00eancia\u201d e \u201cmiseric\u00f3rdia\u201d. Onde h\u00e1 uma, comentou o Papa, est\u00e1 a outra. Este \u00e9 o nosso caminho de Salva\u00e7\u00e3o:<\/p>\n<p>\u201cIsso quer dizer que no caminho da elei\u00e7\u00e3o, rumo \u00e0 promessa e \u00e0 alian\u00e7a, haver\u00e1 pecados, haver\u00e1 a desobedi\u00eancia, mas diante desta desobedi\u00eancia h\u00e1 sempre a miseric\u00f3rdia. \u00c9 como a din\u00e2mica do nosso caminhar rumo \u00e0 maturidade: sempre h\u00e1 a miseric\u00f3rdia, porque Ele \u00e9 fiel, Ele n\u00e3o revoga os seus dons. Os dons s\u00e3o irrevog\u00e1veis e isso tudo est\u00e1 interligado, por qu\u00ea? Porque diante das nossas fraquezas, dos nossos pecados, h\u00e1 sempre a miseric\u00f3rdia e quando Paulo chega a esta reflex\u00e3o, faz um passo a mais: n\u00e3o de explica\u00e7\u00e3o a n\u00f3s, mas de adora\u00e7\u00e3o.\u201d<\/p>\n<p>Francisco recomendou adora\u00e7\u00e3o e louvor silencioso diante \u201cdeste mist\u00e9rio da desobedi\u00eancia e da miseric\u00f3rdia que nos faz livres e diante desta beleza dos dons irrevog\u00e1veis como s\u00e3o a elei\u00e7\u00e3o, a promessa e a alian\u00e7a\u201d:<\/p>\n<p>\u201cPenso que pode nos fazer bem, a todos n\u00f3s, pensar hoje na nossa elei\u00e7\u00e3o, nas promessas que o Senhor nos fez e como eu vivo a alian\u00e7a com o Senhor. E como me deixo \u2013 permitam-me a palavra \u2013 misericordiar pelo Senhor, diante dos meus pecados, das minhas desobedi\u00eancias. E, no final, se eu sou capaz \u2013 como Paulo \u2013 de louvar Deus por aquilo que me deu, a cada um de n\u00f3s: louvar e fazer aquele ato de adora\u00e7\u00e3o. Mas jamais se esquecer: os dons e a chamada de Deus s\u00e3o irrevog\u00e1veis\u201d.<\/p>\n<p>&nbsp;<\/p>\n<p>Fonte: R\u00e1dio Vaticano<\/p>\n","protected":false},"excerpt":{"rendered":"<p>Cidade do Vaticano (RV) &#8211; Quando Deus d\u00e1 um dom, este \u00e9 irrevog\u00e1vel. Isto \u00e9, n\u00e3o pode ser desfeito, n\u00e3o d\u00e1 hoje e tira amanh\u00e3. Quando Deus chama, esta chamada permanece toda a vida. Assim tem in\u00edcio a homilia do Papa na Casa Santa Marta, inspirada pela \u201celei\u00e7\u00e3o de Deus\u201d, presente na leitura do dia [&hellip;]<\/p>\n","protected":false},"author":1,"featured_media":35814,"comment_status":"open","ping_status":"closed","sticky":false,"template":"","format":"standard","meta":{"footnotes":""},"categories":[3],"tags":[],"class_list":["post-35813","post","type-post","status-publish","format-standard","has-post-thumbnail","hentry","category-vaticano"],"_links":{"self":[{"href":"https:\/\/catolicanet.net\/wp-cnet\/wp-json\/wp\/v2\/posts\/35813","targetHints":{"allow":["GET"]}}],"collection":[{"href":"https:\/\/catolicanet.net\/wp-cnet\/wp-json\/wp\/v2\/posts"}],"about":[{"href":"https:\/\/catolicanet.net\/wp-cnet\/wp-json\/wp\/v2\/types\/post"}],"author":[{"embeddable":true,"href":"https:\/\/catolicanet.net\/wp-cnet\/wp-json\/wp\/v2\/users\/1"}],"replies":[{"embeddable":true,"href":"https:\/\/catolicanet.net\/wp-cnet\/wp-json\/wp\/v2\/comments?post=35813"}],"version-history":[{"count":1,"href":"https:\/\/catolicanet.net\/wp-cnet\/wp-json\/wp\/v2\/posts\/35813\/revisions"}],"predecessor-version":[{"id":35815,"href":"https:\/\/catolicanet.net\/wp-cnet\/wp-json\/wp\/v2\/posts\/35813\/revisions\/35815"}],"wp:featuredmedia":[{"embeddable":true,"href":"https:\/\/catolicanet.net\/wp-cnet\/wp-json\/wp\/v2\/media\/35814"}],"wp:attachment":[{"href":"https:\/\/catolicanet.net\/wp-cnet\/wp-json\/wp\/v2\/media?parent=35813"}],"wp:term":[{"taxonomy":"category","embeddable":true,"href":"https:\/\/catolicanet.net\/wp-cnet\/wp-json\/wp\/v2\/categories?post=35813"},{"taxonomy":"post_tag","embeddable":true,"href":"https:\/\/catolicanet.net\/wp-cnet\/wp-json\/wp\/v2\/tags?post=35813"}],"curies":[{"name":"wp","href":"https:\/\/api.w.org\/{rel}","templated":true}]}}