{"id":35788,"date":"2017-11-03T10:05:51","date_gmt":"2017-11-03T12:05:51","guid":{"rendered":"http:\/\/catolicanet.net\/wp-cnet\/?p=35788"},"modified":"2017-11-24T15:04:59","modified_gmt":"2017-11-24T17:04:59","slug":"papa-reflete-sobre-a-relacao-entre-a-morte-e-a-esperanca","status":"publish","type":"post","link":"https:\/\/catolicanet.net\/wp-cnet\/papa-reflete-sobre-a-relacao-entre-a-morte-e-a-esperanca\/","title":{"rendered":"Papa reflete sobre a rela\u00e7\u00e3o entre a morte e a esperan\u00e7a"},"content":{"rendered":"<p>Cidade do Vaticano (RV) \u2013 Nesta sexta-feira chuvosa em Roma, o Papa presidiu uma missa na Bas\u00edlica de S\u00e3o Pedro em sufr\u00e1gio pelos cardeais e bispos falecidos durante o ano. De outubro de 2016 a outubro de 2017, a Igreja no mundo perdeu 14 cardeais e 137 bispos.<\/p>\n<p>&nbsp;<\/p>\n<p><a href=\"http:\/\/media02.radiovaticana.va\/audio\/audio2\/mp3\/00601359.mp3\">Clique aqui para ouvir:<\/a><\/p>\n<p>&nbsp;<\/p>\n<p>Cardeais, Patriarcas, Arcebispos, Bispos, presb\u00edteros e colaboradores da C\u00faria participaram da cerim\u00f4nia. Em sua homilia, o Papa refletiu sobre a rela\u00e7\u00e3o entre a morte, com a dor pela separa\u00e7\u00e3o das pessoas que viveram conosco, e a esperan\u00e7a.<\/p>\n<p>A Primeira Leitura, extra\u00edda do livro do Deuteron\u00f4mio, exprime a forte esperan\u00e7a na ressurrei\u00e7\u00e3o dos justos: \u201cA morte torna definitiva a \u2018encruzilhada\u2019 que j\u00e1 aqui, neste mundo, est\u00e1 diante de n\u00f3s: o caminho da vida, isto \u00e9, com Deus, ou o caminho da morte, isto \u00e9, longe Dele\u201d.<\/p>\n<p>O Evangelho de Jo\u00e3o, lembrou o Papa, evoca o sacrif\u00edcio de Cristo e suas palavras na cruz: \u201cEu sou o p\u00e3o vivo, o que desceu do C\u00e9u: se algu\u00e9m comer deste p\u00e3o, viver\u00e1 eternamente\u201d<\/p>\n<p>\u201cCom o seu amor, Jesus despeda\u00e7ou o jugo da morte e abriu-nos as portas da vida. Quando nos alimentamos do seu corpo e sangue, unimo-nos ao seu amor fiel, que encerra nele a esperan\u00e7a da vit\u00f3ria definitiva do bem sobre o mal, o sofrimento e a morte\u201d.<\/p>\n<p>Ou seja, \u201ca f\u00e9 que professamos na ressurrei\u00e7\u00e3o leva-nos a ser homens de esperan\u00e7a e n\u00e3o de desespero, homens da vida e n\u00e3o da morte, porque nos consola a promessa da vida eterna, radicada na uni\u00e3o a Cristo ressuscitado\u201d.<\/p>\n<p>\u201cEsta esperan\u00e7a, reavivada em n\u00f3s pela Palavra de Deus, ajuda-nos a adotar uma atitude de confian\u00e7a frente \u00e0 morte: realmente Jesus demonstrou-nos que a morte n\u00e3o \u00e9 a \u00faltima palavra, mas o amor misericordioso do Pai transfigura-nos e faz-nos viver a comunh\u00e3o eterna com Ele\u201d.<\/p>\n<p>Concluindo o Papa convidou a dar gra\u00e7as pelo servi\u00e7o que os falecidos prestaram generosamente ao Evangelho e \u00e0 Igreja, reiterando:<\/p>\n<p>\u201cA esperan\u00e7a n\u00e3o engana! Deus \u00e9 fiel e a nossa esperan\u00e7a Nele n\u00e3o \u00e9 v\u00e3\u201d.<\/p>\n<p>A Igreja no Brasil, no \u00faltimo ano, perdeu:<\/p>\n<p>Paulo Evaristo Arns, Cardeal-arcebispo em\u00e9rito de S\u00e3o Paulo<\/p>\n<p>Redovino Rizzardo, bispo em\u00e9rito de Dourados<\/p>\n<p>Di\u00f3genes Matthes, bispo em\u00e9rito de Franca<\/p>\n<p>L\u00e9lis Lara, bispo em\u00e9rito de Itabira-Fabriciano<\/p>\n<p>Albano Cavallin, Bispo em\u00e9rito de Londrina<\/p>\n<p>Ant\u00f4nio Ribeiro de Oliveira, bispo em\u00e9rito de Goi\u00e2nia<\/p>\n<p>Marcelo Cavalheira, bispo em\u00e9rito da Para\u00edba<\/p>\n<p>Cl\u00f3vis Frainer, bispo em\u00e9rito de Juiz de Fora<\/p>\n<p>Newton Gurgel, bispo em\u00e9rito de Crato<\/p>\n<p>Jos\u00e9 Carlos Melo, bispo em\u00e9rito de Macei\u00f3<\/p>\n<p>Jo\u00e3o Oneres Marchiori, bispo em\u00e9rito de Lages<\/p>\n<p>Luis Vicente Bernetti, bispo em\u00e9rito de Apucarana<\/p>\n<p>Jos\u00e9 Maria Pires, bispo em\u00e9rito da Para\u00edba<\/p>\n<p>Dom Isidoro Kosinski, bispo em\u00e9rito de Tr\u00eas Lagoas<\/p>\n<p>Dom Geraldo Verdier, bispo em\u00e9rito de Guajar\u00e1-Mirim<\/p>\n<p>&nbsp;<\/p>\n<p>Fonte: R\u00e1dio Vaticano<\/p>\n","protected":false},"excerpt":{"rendered":"<p>Cidade do Vaticano (RV) \u2013 Nesta sexta-feira chuvosa em Roma, o Papa presidiu uma missa na Bas\u00edlica de S\u00e3o Pedro em sufr\u00e1gio pelos cardeais e bispos falecidos durante o ano. De outubro de 2016 a outubro de 2017, a Igreja no mundo perdeu 14 cardeais e 137 bispos. &nbsp; Clique aqui para ouvir: &nbsp; Cardeais, [&hellip;]<\/p>\n","protected":false},"author":1,"featured_media":35789,"comment_status":"open","ping_status":"closed","sticky":false,"template":"","format":"standard","meta":{"footnotes":""},"categories":[3],"tags":[],"class_list":["post-35788","post","type-post","status-publish","format-standard","has-post-thumbnail","hentry","category-vaticano"],"_links":{"self":[{"href":"https:\/\/catolicanet.net\/wp-cnet\/wp-json\/wp\/v2\/posts\/35788","targetHints":{"allow":["GET"]}}],"collection":[{"href":"https:\/\/catolicanet.net\/wp-cnet\/wp-json\/wp\/v2\/posts"}],"about":[{"href":"https:\/\/catolicanet.net\/wp-cnet\/wp-json\/wp\/v2\/types\/post"}],"author":[{"embeddable":true,"href":"https:\/\/catolicanet.net\/wp-cnet\/wp-json\/wp\/v2\/users\/1"}],"replies":[{"embeddable":true,"href":"https:\/\/catolicanet.net\/wp-cnet\/wp-json\/wp\/v2\/comments?post=35788"}],"version-history":[{"count":1,"href":"https:\/\/catolicanet.net\/wp-cnet\/wp-json\/wp\/v2\/posts\/35788\/revisions"}],"predecessor-version":[{"id":35790,"href":"https:\/\/catolicanet.net\/wp-cnet\/wp-json\/wp\/v2\/posts\/35788\/revisions\/35790"}],"wp:featuredmedia":[{"embeddable":true,"href":"https:\/\/catolicanet.net\/wp-cnet\/wp-json\/wp\/v2\/media\/35789"}],"wp:attachment":[{"href":"https:\/\/catolicanet.net\/wp-cnet\/wp-json\/wp\/v2\/media?parent=35788"}],"wp:term":[{"taxonomy":"category","embeddable":true,"href":"https:\/\/catolicanet.net\/wp-cnet\/wp-json\/wp\/v2\/categories?post=35788"},{"taxonomy":"post_tag","embeddable":true,"href":"https:\/\/catolicanet.net\/wp-cnet\/wp-json\/wp\/v2\/tags?post=35788"}],"curies":[{"name":"wp","href":"https:\/\/api.w.org\/{rel}","templated":true}]}}