{"id":35773,"date":"2017-11-03T08:40:26","date_gmt":"2017-11-03T10:40:26","guid":{"rendered":"http:\/\/catolicanet.net\/wp-cnet\/?p=35773"},"modified":"2017-11-24T14:51:58","modified_gmt":"2017-11-24T16:51:58","slug":"papa-reza-nas-fossas-ardeatinas-deus-conhece-os-nomes-e-os-rostos-de-todos","status":"publish","type":"post","link":"https:\/\/catolicanet.net\/wp-cnet\/papa-reza-nas-fossas-ardeatinas-deus-conhece-os-nomes-e-os-rostos-de-todos\/","title":{"rendered":"Papa reza nas Fossas Ardeatinas: Deus conhece os nomes e os rostos de todos"},"content":{"rendered":"<p>Cidade do Vaticano (RV) \u2013\u00a0 Ap\u00f3s presidir a celebra\u00e7\u00e3o eucar\u00edstica neste Dia de Finados no Cemit\u00e9rio estadunidense de Nettuno, o Papa Francisco dirigiu-se ao memorial das Fossas Ardeatinas para um momento de ora\u00e7\u00e3o.<\/p>\n<p>&nbsp;<\/p>\n<p><a href=\"https:\/\/www.youtube.com\/watch?v=3a35l_8LlCw\">Clique aqui para assistir o v\u00eddeo:<\/a><\/p>\n<p>&nbsp;<\/p>\n<p>No local, em 24 de mar\u00e7o de 1944, 335 civis e militares foram trucidados por tropas de ocupa\u00e7\u00e3o nazistas, em repres\u00e1lia pelo atentado contra uma patrulha do regimento Bozen, que matou 33 soldados alem\u00e3es.<\/p>\n<p>Ao entrar nas grutas, Francisco permaneceu por quase cinco minutos em ora\u00e7\u00e3o diante do local onde ocorreu a chacina. Ap\u00f3s, caminhou pelos corredores de pedra at\u00e9 chegar ao local onde est\u00e3o os t\u00famulos de das v\u00edtimas, sobre os quais depositou uma rosa branca.<\/p>\n<p>Durante o percurso, o Pont\u00edfice esteve acompanhado por oficiais do ex\u00e9rcito italiano que lhe explicaram os acontecimentos daquele dia e pelo Rabino Chefe da Comunidade de Roma, Riccardo Di Segni, que cantou uma ora\u00e7\u00e3o em hebraico, momento que foi seguido por palavras do Papa Francisco.<\/p>\n<p>\u201cDeus de Abra\u00e3o, de Isaac, Deus de Jac\u00f3, com este nome te apresentaste a Mois\u00e9s quando lhe revelaste a vontade de libertar o Teu povo da escravid\u00e3o do Egito. Deus de Abra\u00e3o, Deus de Isaac e de Jac\u00f3, Deus que faz alian\u00e7a com o homem, Deus que se liga com um pacto de amor fiel para sempre, misericordioso e compassivo com cada homem e cada povo que sofre opress\u00e3o. \u201cObservei a mis\u00e9ria de meu povo, ouvi o seu grito, conhe\u00e7o os seus sofrimentos\u201d\u201d.<\/p>\n<p>\u201cDeus dos rostos e dos nomes, Deus de um dos 335 homens trucidados aqui, em 24 de mar\u00e7o de 1944, cujos restos repousam nestes t\u00famulos. Tu, Senhor, conheces as suas faces e os seus nomes: todos, tamb\u00e9m os 12 que continuam desconhecidos para n\u00f3s. Para ti, nenhum \u00e9 desconhecido\u201d.<\/p>\n<p>&#8220;Deus de Jesus, Pai nosso que est\u00e1s nos C\u00e9us: gra\u00e7as a Ele, o Crucificado ressuscitado, n\u00f3s sabemos que o Teu nome &#8211; Deus de Abra\u00e3o, Deus de Issac e Deus de Jac\u00f3 &#8211; quer dizer que n\u00e3o \u00e9s o Deus dos mortos, mas dos vivos, que a Tua alian\u00e7a de amor fiel \u00e9 mais forte do que a morte e \u00e9 garantia de ressurrei\u00e7\u00e3o&#8221;.<\/p>\n<p>&nbsp;<\/p>\n<p><a href=\"http:\/\/media02.radiovaticana.va\/audio\/audio2\/mp3\/00601349.mp3\">Clique aqui para ouvir:<\/a><\/p>\n<p>&nbsp;<\/p>\n<p>\u201cFaz, Senhor, que neste lugar consagrado \u00e0 mem\u00f3ria dos ca\u00eddos pela liberdade e a justi\u00e7a,\u00a0 tiremos os cal\u00e7ados do ego\u00edsmo e da indiferen\u00e7a e por meio da sar\u00e7a ardente deste mausol\u00e9u, escutemos no sil\u00eancio o Teu nome: Deus de Abra\u00e3o, Deus de Isaac, Deus de Jac\u00f3, Deus de Jesus, Deus dos vivos. Am\u00e9m\u201d.<\/p>\n<p>Antes de deixar o local, o Santo Padre deixou escrito no Livro de Honra as seguintes palavras: \u201cEstes s\u00e3o os frutos da guerra: \u00f3dio, morte, vingan\u00e7a. Perdoa-nos, Senhor\u201d. (JE)<\/p>\n<p>&nbsp;<\/p>\n<p>Fonte: R\u00e1dio Vaticano<\/p>\n","protected":false},"excerpt":{"rendered":"<p>Cidade do Vaticano (RV) \u2013\u00a0 Ap\u00f3s presidir a celebra\u00e7\u00e3o eucar\u00edstica neste Dia de Finados no Cemit\u00e9rio estadunidense de Nettuno, o Papa Francisco dirigiu-se ao memorial das Fossas Ardeatinas para um momento de ora\u00e7\u00e3o. &nbsp; Clique aqui para assistir o v\u00eddeo: &nbsp; No local, em 24 de mar\u00e7o de 1944, 335 civis e militares foram trucidados [&hellip;]<\/p>\n","protected":false},"author":1,"featured_media":35774,"comment_status":"open","ping_status":"closed","sticky":false,"template":"","format":"standard","meta":{"footnotes":""},"categories":[3],"tags":[],"class_list":["post-35773","post","type-post","status-publish","format-standard","has-post-thumbnail","hentry","category-vaticano"],"_links":{"self":[{"href":"https:\/\/catolicanet.net\/wp-cnet\/wp-json\/wp\/v2\/posts\/35773","targetHints":{"allow":["GET"]}}],"collection":[{"href":"https:\/\/catolicanet.net\/wp-cnet\/wp-json\/wp\/v2\/posts"}],"about":[{"href":"https:\/\/catolicanet.net\/wp-cnet\/wp-json\/wp\/v2\/types\/post"}],"author":[{"embeddable":true,"href":"https:\/\/catolicanet.net\/wp-cnet\/wp-json\/wp\/v2\/users\/1"}],"replies":[{"embeddable":true,"href":"https:\/\/catolicanet.net\/wp-cnet\/wp-json\/wp\/v2\/comments?post=35773"}],"version-history":[{"count":1,"href":"https:\/\/catolicanet.net\/wp-cnet\/wp-json\/wp\/v2\/posts\/35773\/revisions"}],"predecessor-version":[{"id":35775,"href":"https:\/\/catolicanet.net\/wp-cnet\/wp-json\/wp\/v2\/posts\/35773\/revisions\/35775"}],"wp:featuredmedia":[{"embeddable":true,"href":"https:\/\/catolicanet.net\/wp-cnet\/wp-json\/wp\/v2\/media\/35774"}],"wp:attachment":[{"href":"https:\/\/catolicanet.net\/wp-cnet\/wp-json\/wp\/v2\/media?parent=35773"}],"wp:term":[{"taxonomy":"category","embeddable":true,"href":"https:\/\/catolicanet.net\/wp-cnet\/wp-json\/wp\/v2\/categories?post=35773"},{"taxonomy":"post_tag","embeddable":true,"href":"https:\/\/catolicanet.net\/wp-cnet\/wp-json\/wp\/v2\/tags?post=35773"}],"curies":[{"name":"wp","href":"https:\/\/api.w.org\/{rel}","templated":true}]}}