{"id":35752,"date":"2017-11-01T08:06:47","date_gmt":"2017-11-01T10:06:47","guid":{"rendered":"http:\/\/catolicanet.net\/wp-cnet\/?p=35752"},"modified":"2017-11-24T14:28:01","modified_gmt":"2017-11-24T16:28:01","slug":"comissao-articula-assessores-e-responsaveis-por-formacao","status":"publish","type":"post","link":"https:\/\/catolicanet.net\/wp-cnet\/comissao-articula-assessores-e-responsaveis-por-formacao\/","title":{"rendered":"Comiss\u00e3o articula assessores e respons\u00e1veis por forma\u00e7\u00e3o"},"content":{"rendered":"<p>Dois encontros ser\u00e3o realizados pela Comiss\u00e3o Episcopal Pastoral para a Vida e Fam\u00edlia da Confer\u00eancia Nacional dos Bispos do Brasil (CNBB) entre os dias 29 de novembro e 3 de dezembro. A primeira reuni\u00e3o ser\u00e1 com os assessores eclesi\u00e1sticos da Pastoral Familiar, que acompanham as atividades nos regionais e dioceses. Na sequ\u00eancia, ser\u00e3o os respons\u00e1veis pela forma\u00e7\u00e3o de agentes da pastoral que ter\u00e3o seu primeiro encontro em \u00e2mbito nacional. Os objetivos s\u00e3o, respectivamente, a reflex\u00e3o a respeito da fun\u00e7\u00e3o do assessor da Pastoral Familiar e o conhecimento da realidade dos N\u00facleos de Forma\u00e7\u00e3o e Espiritualidade.<\/p>\n<p><img loading=\"lazy\" decoding=\"async\" class=\"alignright\" src=\"http:\/\/cnbb.net.br\/wp-content\/uploads\/sites\/32\/2017\/08\/Dom-Jo%C3%A3o-Bosco.jpg\" width=\"300\" height=\"200\" border=\"0\" \/>CNPF\/T\u00f3maz Alves<\/p>\n<p>O bispo de Osasco (SP) e presidente da Comiss\u00e3o Episcopal para a Vida e a Fam\u00edlia da CNBB, dom Jo\u00e3o Bosco Barbosa de Sousa, conta que j\u00e1 \u00e9 feito um trabalho com os assessores eclesi\u00e1sticos, mas esta \u00e9 a primeira vez que ser\u00e1 dedicado um tempo mais longo dedicado ao aprendizado, a reflex\u00e3o e a partilha.<\/p>\n<p>S\u00e3o assessores eclesi\u00e1sticos da Pastoral Familiar nas dioceses e regionais padres, di\u00e1conos, religiosos e seminaristas designados ao acompanhamento pelo bispo referencial e pela coordena\u00e7\u00e3o local da pastoral.<\/p>\n<p>\u201cA import\u00e2ncia do assessor se verifica no sentido de que \u00e9 ele que faz a liga\u00e7\u00e3o entre a pastoral e a Comiss\u00e3o, de modo a garantir a unidade da caminhada, a comunh\u00e3o entre os diversos regionais\u201d, conta dom Jo\u00e3o Bosco.<\/p>\n<p>A fun\u00e7\u00e3o do assessor eclesi\u00e1stico \u00e9 a principal tem\u00e1tica que ser\u00e1 trabalhada durante o encontro, que acontecer\u00e1 Centro de Conven\u00e7\u00f5es Israel Pinheiro, em Bras\u00edlia-DF. Na oportunidade ser\u00e1 abordada ainda a prepara\u00e7\u00e3o do ponto de vista espiritual e pastoral para o acompanhamento assumido; a facilidade para oferecer os materiais que a Pastoral Familiar elabora e oferece aos grupos; e o estudo do subs\u00eddio \u201cAcolhida da Exorta\u00e7\u00e3o Apost\u00f3lica Amoris Laetitia pela Igreja no Brasil\u201d, aprovado pelo Conselho Permanente da CNBB. Dom Jo\u00e3o Bosco conta que os participantes tamb\u00e9m ter\u00e3o a oportunidade de conhecer \u201cmais de perto\u201d o novo casal coordenador nacional, Luiz e Kh\u00e1tia Stolf.<\/p>\n<p>INAPAF<br \/>\nCerca de 80 agentes participar\u00e3o do I Encontro do Instituto Nacional da Fam\u00edlia e da Pastoral Familiar (Inapaf), que acontece de 1\u00ba a 3 de dezembro, na sede do Instituto e da Secretaria Executiva Nacional da Pastoral Familiar (Secren), em Bras\u00edlia (DF). Com o objetivo de conhecer a realidade nacional dos N\u00facleos de Forma\u00e7\u00e3o e Espiritualidade da Pastoral Familiar, o encontro reunir\u00e1 os coordenadores ou respons\u00e1veis pela forma\u00e7\u00e3o de agentes nos 18 regionais da CNBB.<\/p>\n<p>\u201cA gente percebe que h\u00e1 uma necessidade de ajustar o Inapaf \u00e0s novas exig\u00eancias da Amoris Laetitia e tamb\u00e9m \u00e0 linha que o pr\u00f3prio papa Francisco tem dado \u00e0 forma\u00e7\u00e3o do laicato atrav\u00e9s do Instituto Jo\u00e3o Paulo II\u201d, afirma dom Jo\u00e3o Bosco, recordando as mudan\u00e7as feitas pelo papa com a cria\u00e7\u00e3o do Pontif\u00edcio Instituto para as Ci\u00eancias do Matrim\u00f4nio e da Fam\u00edlia.<\/p>\n<p>Alguns assuntos est\u00e3o na pauta deste que \u00e9 o 1\u00ba Encontro Nacional do Inapaf: um panorama geral do Instituto, as atividades da Secretaria Executiva Nacional (Secren), a realidade dos N\u00facleos de forma\u00e7\u00e3o e espiritualidade (NFE) dos regionais; um panorama atual e os principais objetivos do Inapaf para o bi\u00eanio 2018 \u2013 2019; e uma apresenta\u00e7\u00e3o atualizada dos M\u00f3dulos da Fase 1 do Inapaf.<\/p>\n<p><img loading=\"lazy\" decoding=\"async\" class=\"alignleft\" src=\"http:\/\/cnbb.net.br\/wp-content\/uploads\/sites\/32\/2017\/10\/xMaria-do-Rosario-Claudio.jpg.pagespeed.ic.8t55cPv1bw.jpg\" width=\"350\" height=\"232\" border=\"0\" \/>CNPF\/Luiz Lopes Jr. | Maria do Ros\u00e1rio e Cl\u00e1udio, respons\u00e1veis pela Assessoria Pedag\u00f3gica Nacional<\/p>\n<p>O casal respons\u00e1vel pela assessoria pedag\u00f3gica nacional da Pastoral Familiar, Cl\u00e1udio Rodrigues e Maria do Ros\u00e1rio Silva, explicam que a forma\u00e7\u00e3o continua sendo a \u201cgrande urg\u00eancia e prioridade\u201d da pastoral, \u201ccom o objetivo de evangelizar relacionamentos, promover a qualifica\u00e7\u00e3o pessoal e mission\u00e1ria dos agentes e tamb\u00e9m a viv\u00eancia dos valores humanos e crist\u00e3os\u201d.<\/p>\n<p>O encontro, afirma Maria do Ros\u00e1rio, tem a proposta de ampliar o n\u00famero de multiplicadores devidamente qualificados e certificados pelo Inapaf \u201cpara o bom cumprimento de nosso mandato mission\u00e1rio: \u2018Ide e evangelizai!\u2019\u201d. Al\u00e9m dos oito m\u00f3dulos da primeira fase do itiner\u00e1rio formativo que o Instituto oferece, os participantes ter\u00e3o oportunidade de partilhar experi\u00eancias e construir um planejamento para os pr\u00f3ximos dois anos.<\/p>\n<p>&nbsp;<\/p>\n<p>Fonte: CNBB<\/p>\n","protected":false},"excerpt":{"rendered":"<p>Dois encontros ser\u00e3o realizados pela Comiss\u00e3o Episcopal Pastoral para a Vida e Fam\u00edlia da Confer\u00eancia Nacional dos Bispos do Brasil (CNBB) entre os dias 29 de novembro e 3 de dezembro. A primeira reuni\u00e3o ser\u00e1 com os assessores eclesi\u00e1sticos da Pastoral Familiar, que acompanham as atividades nos regionais e dioceses. Na sequ\u00eancia, ser\u00e3o os respons\u00e1veis [&hellip;]<\/p>\n","protected":false},"author":1,"featured_media":35753,"comment_status":"open","ping_status":"closed","sticky":false,"template":"","format":"standard","meta":{"footnotes":""},"categories":[7],"tags":[],"class_list":["post-35752","post","type-post","status-publish","format-standard","has-post-thumbnail","hentry","category-cnbb"],"_links":{"self":[{"href":"https:\/\/catolicanet.net\/wp-cnet\/wp-json\/wp\/v2\/posts\/35752","targetHints":{"allow":["GET"]}}],"collection":[{"href":"https:\/\/catolicanet.net\/wp-cnet\/wp-json\/wp\/v2\/posts"}],"about":[{"href":"https:\/\/catolicanet.net\/wp-cnet\/wp-json\/wp\/v2\/types\/post"}],"author":[{"embeddable":true,"href":"https:\/\/catolicanet.net\/wp-cnet\/wp-json\/wp\/v2\/users\/1"}],"replies":[{"embeddable":true,"href":"https:\/\/catolicanet.net\/wp-cnet\/wp-json\/wp\/v2\/comments?post=35752"}],"version-history":[{"count":1,"href":"https:\/\/catolicanet.net\/wp-cnet\/wp-json\/wp\/v2\/posts\/35752\/revisions"}],"predecessor-version":[{"id":35754,"href":"https:\/\/catolicanet.net\/wp-cnet\/wp-json\/wp\/v2\/posts\/35752\/revisions\/35754"}],"wp:featuredmedia":[{"embeddable":true,"href":"https:\/\/catolicanet.net\/wp-cnet\/wp-json\/wp\/v2\/media\/35753"}],"wp:attachment":[{"href":"https:\/\/catolicanet.net\/wp-cnet\/wp-json\/wp\/v2\/media?parent=35752"}],"wp:term":[{"taxonomy":"category","embeddable":true,"href":"https:\/\/catolicanet.net\/wp-cnet\/wp-json\/wp\/v2\/categories?post=35752"},{"taxonomy":"post_tag","embeddable":true,"href":"https:\/\/catolicanet.net\/wp-cnet\/wp-json\/wp\/v2\/tags?post=35752"}],"curies":[{"name":"wp","href":"https:\/\/api.w.org\/{rel}","templated":true}]}}