{"id":3575,"date":"2013-12-02T15:17:17","date_gmt":"2013-12-02T17:17:17","guid":{"rendered":"http:\/\/catolicanet.net\/wp-cnet\/paz-no-oriente-medio-ao-centro-do-encontro-entre-o-papa-francisco-e-premier-israelense\/"},"modified":"2017-03-24T12:45:00","modified_gmt":"2017-03-24T15:45:00","slug":"paz-no-oriente-medio-ao-centro-do-encontro-entre-o-papa-francisco-e-premier-israelense","status":"publish","type":"post","link":"https:\/\/catolicanet.net\/wp-cnet\/paz-no-oriente-medio-ao-centro-do-encontro-entre-o-papa-francisco-e-premier-israelense\/","title":{"rendered":"Paz no Oriente M\u00e9dio ao centro do encontro entre o Papa Francisco e Premier israelense"},"content":{"rendered":"<p style=\"text-align: justify;\"><img decoding=\"async\" src=\"http:\/\/catolicanet.com.br\/images\/stories\/benjaminnetanyahu.jpg\" border=\"0\" align=\"left\" \/>O Santo Padre recebeu em Audi\u00eancia na manh\u00e3 desta segunda-feira, na Biblioteca privada, no Vaticano, o Primeiro Ministro de Israel, Benjamin Netanyahu, que sucessivamente encontrou o Secret\u00e1rio de Estado Pietro Parolin, acompanhado do Sub-Secret\u00e1rio para as Rela\u00e7\u00f5es com os Estados, Dom Antoine Camilleri.<\/p>\n<p>Durante os cordiais col\u00f3quios, tratou-se da complexa situa\u00e7\u00e3o pol\u00edtica e social do Oriente M\u00e9dio, com particular aten\u00e7\u00e3o \u00e0 retomada das negocia\u00e7\u00f5es entre israelenses e palestinos, auspiciando-se que uma solu\u00e7\u00e3o justa e duradoura, no respeito dos direitos humanos para as duas partes, possa ser atingida o mais breve poss\u00edvel.<\/p>\n<p>Al\u00e9m da poss\u00edvel peregrina\u00e7\u00e3o do Santo Padre \u00e0 Terra Santa, tamb\u00e9m foram abordadas algumas quest\u00f5es pertinentes \u00e0s rela\u00e7\u00f5es entre as Autoridades de Israel e as comunidades cat\u00f3licas locais, assim como entre o Estado de Israel e a Santa S\u00e9, com o desejo de uma pronta conclus\u00e3o do Acordo, h\u00e1 tempos em prepara\u00e7\u00e3o.<\/p>\n<p>O Premier Netanyahu presenteou o Papa Francisco com um livro escrito pelo seu pai, conhecido historiador, e publicado em 1995, intitulado \u201cAs origens da Inquisi\u00e7\u00e3o \u2013 A Espanha no 15\u00ba s\u00e9culo\u201d. Na dedicat\u00f3ria o Premier israelense escreveu: \u201c\u00c0 Sua Santidade Papa Francisco, grande cust\u00f3dio da nossa heran\u00e7a comum\u201d. No livro, o pai de Netanyahu defende a tese de que durante a Inquisi\u00e7\u00e3o espanhola os cat\u00f3licos n\u00e3o ofenderam os judeus. O Primeiro Ministro tamb\u00e9m deu ao Papa uma Menorah em prata, onde estava escrito: \u201c\u00c0 Sua Santidade, com grand\u00edssima estima\u201d. O Santo Padre retribuiu os presentes com uma representa\u00e7\u00e3o de S\u00e3o Paulo em bronze.<\/p>\n<p style=\"text-align: justify;\">\u00a0<\/p>\n<p style=\"text-align: justify;\"><strong>Local: Cidade do Vaticano<br \/>Fonte: R\u00e1dio Vaticano<\/strong><\/p>\n","protected":false},"excerpt":{"rendered":"<p>O Santo Padre recebeu em Audi\u00eancia na manh\u00e3 desta segunda-feira, na Biblioteca privada, no Vaticano, o Primeiro Ministro de Israel, Benjamin Netanyahu, que sucessivamente encontrou o Secret\u00e1rio de Estado Pietro Parolin, acompanhado do Sub-Secret\u00e1rio para as Rela\u00e7\u00f5es com os Estados, Dom Antoine Camilleri. Durante os cordiais col\u00f3quios, tratou-se da complexa situa\u00e7\u00e3o pol\u00edtica e social do [&hellip;]<\/p>\n","protected":false},"author":1,"featured_media":0,"comment_status":"closed","ping_status":"closed","sticky":false,"template":"","format":"standard","meta":{"footnotes":""},"categories":[3],"tags":[],"class_list":["post-3575","post","type-post","status-publish","format-standard","hentry","category-vaticano"],"_links":{"self":[{"href":"https:\/\/catolicanet.net\/wp-cnet\/wp-json\/wp\/v2\/posts\/3575","targetHints":{"allow":["GET"]}}],"collection":[{"href":"https:\/\/catolicanet.net\/wp-cnet\/wp-json\/wp\/v2\/posts"}],"about":[{"href":"https:\/\/catolicanet.net\/wp-cnet\/wp-json\/wp\/v2\/types\/post"}],"author":[{"embeddable":true,"href":"https:\/\/catolicanet.net\/wp-cnet\/wp-json\/wp\/v2\/users\/1"}],"replies":[{"embeddable":true,"href":"https:\/\/catolicanet.net\/wp-cnet\/wp-json\/wp\/v2\/comments?post=3575"}],"version-history":[{"count":1,"href":"https:\/\/catolicanet.net\/wp-cnet\/wp-json\/wp\/v2\/posts\/3575\/revisions"}],"predecessor-version":[{"id":7939,"href":"https:\/\/catolicanet.net\/wp-cnet\/wp-json\/wp\/v2\/posts\/3575\/revisions\/7939"}],"wp:attachment":[{"href":"https:\/\/catolicanet.net\/wp-cnet\/wp-json\/wp\/v2\/media?parent=3575"}],"wp:term":[{"taxonomy":"category","embeddable":true,"href":"https:\/\/catolicanet.net\/wp-cnet\/wp-json\/wp\/v2\/categories?post=3575"},{"taxonomy":"post_tag","embeddable":true,"href":"https:\/\/catolicanet.net\/wp-cnet\/wp-json\/wp\/v2\/tags?post=3575"}],"curies":[{"name":"wp","href":"https:\/\/api.w.org\/{rel}","templated":true}]}}