{"id":35740,"date":"2017-10-31T14:25:47","date_gmt":"2017-10-31T16:25:47","guid":{"rendered":"http:\/\/catolicanet.net\/wp-cnet\/?p=35740"},"modified":"2017-11-24T14:14:49","modified_gmt":"2017-11-24T16:14:49","slug":"500-anos-da-reforma-protestante-7-coisas-que-todo-catolico-deve-saber","status":"publish","type":"post","link":"https:\/\/catolicanet.net\/wp-cnet\/500-anos-da-reforma-protestante-7-coisas-que-todo-catolico-deve-saber\/","title":{"rendered":"500 anos da Reforma protestante: 7 coisas que todo cat\u00f3lico deve saber"},"content":{"rendered":"<p>REDA\u00c7\u00c3O CENTRAL, 31 Out. 17 \/ 10:30 am (ACI).- Hoje se recorda os 500 anos da Reforma Protestante, por esta raz\u00e3o, o Grupo ACI apresenta 7 dados essenciais que resumem as causas e consequ\u00eancias desse per\u00edodo hist\u00f3rico iniciado por Martinho Lutero no s\u00e9culo XVI.<\/p>\n<p>1. A origem da palavra protestante<\/p>\n<p>A palavra \u201cprotestante\u201d vem dos pr\u00edncipes alem\u00e3es que fazem um \u201cprotesto\u201d contra o imperador do Sacro Imp\u00e9rio Romano, Carlos V, que se negava aos chamados \u00e0 reforma luterana dentro da Igreja Cat\u00f3lica.<\/p>\n<p>Por essa raz\u00e3o, as pessoas que defendiam essas posi\u00e7\u00f5es ou que se aderiam a elas come\u00e7aram a serem chamadas de protestantes.<\/p>\n<p>2. Martinho Lutero \u00e9 a figura mais influente da Reforma Protestante<\/p>\n<p>Em 31 de outubro de 1517, o frade agostiniano Martinho Lutero se rebelou contra a Igreja quando publicou as suas \u201c95 teses\u201d sobre a penit\u00eancia e o uso das indulg\u00eancias na porta do Pal\u00e1cio de Wittenberg, na Alemanha.<\/p>\n<p>Mais tarde, Lutero desenvolveu os 95 princ\u00edpios da sua doutrina, chegando a uma doutrina diferente da f\u00e9 cat\u00f3lica.<\/p>\n<p>Deixou a vida religiosa e se casou com uma ex-religiosa e durante a sua vida atacou duramente o papado e provocou v\u00e1rias revoltas.<\/p>\n<p>3. A Reforma n\u00e3o teve s\u00f3 motiva\u00e7\u00f5es religiosas<\/p>\n<p>Embora a venda de indulg\u00eancias fosse considerada por Lutero como uma das principais raz\u00f5es da sua ruptura com a Igreja Cat\u00f3lica, houve outras raz\u00f5es hist\u00f3ricas que permitiram a Reforma Protestante.<\/p>\n<p>Entre estas, o Cisma do Ocidente (1378 a 1417) que reduziu em grande medida a reputa\u00e7\u00e3o da Igreja Cat\u00f3lica e fez com que muitas pessoas questionassem a legitimidade do Papa; o in\u00edcio do per\u00edodo do Renascimento que questionou o pensamento tradicional; a ascens\u00e3o dos estados nacionais e monarcas que queriam o poder absoluto da sua na\u00e7\u00e3o, como Henrique VIII, que se separou da Igreja em 1534.<\/p>\n<p>4. Os postulados do protestantismo de Lutero<\/p>\n<p>Lutero desenvolve a cren\u00e7a de que o homem \u00e9 salvo somente pela f\u00e9 em Cristo e que, portanto, n\u00e3o tem a obriga\u00e7\u00e3o de fazer boas obras.<\/p>\n<p>Esta cren\u00e7a equivocada \u00e9 conhecida historicamente como a doutrina da justifica\u00e7\u00e3o somente pela f\u00e9 (Sola Fide).<\/p>\n<p>O luteranismo tamb\u00e9m recha\u00e7a totalmente a primazia do Papa e afirma que a B\u00edblia \u00e9 a \u00fanica fonte de autoridade. Recha\u00e7a ainda a intercess\u00e3o dos santos e da Virgem Maria, a venera\u00e7\u00e3o das imagens, a exist\u00eancia do purgat\u00f3rio.<\/p>\n<p>4. Lutero foi excomungado<\/p>\n<p>A bula Exsurge Domine de 1520 do Papa Le\u00e3o X foi a primeira resposta do pontificado que condenou Lutero e o amea\u00e7ou com a excomunh\u00e3o.<\/p>\n<p>Em janeiro de 1521, ao n\u00e3o se retratar, Lutero foi excomungado e logo depois condenado na Dieta de Worms, um congresso imperial convocado pelo imperador do Sacro Imp\u00e9rio Romano-Germ\u00e2nico, Carlos V.<\/p>\n<p>5. Jo\u00e3o Calvino funda a segunda religi\u00e3o principal do protestantismo<\/p>\n<p>As ideias de Lutero se estenderam por toda a Europa. Como consequ\u00eancia, o te\u00f3logo franc\u00eas Jo\u00e3o Calvino fundou a segunda religi\u00e3o principal do protestantismo chamada \u201cCalvinismo\u201d, em Genebra em 1541.<\/p>\n<p>Calvino considera que todos os sacramentos da Igreja Cat\u00f3lica deveriam ser eliminados, incluindo os dois que Lutero manteve: o Batismo e a Eucaristia (esta \u00e9 concebida de maneira diferente), o que levou \u00e0 forma\u00e7\u00e3o de outras denomina\u00e7\u00f5es como presbiterianos, anglicanos, anabatistas e congregacionalistas.<\/p>\n<p>6. As ideias da Reforma foram expandidas pela imprensa<\/p>\n<p>Sem a cria\u00e7\u00e3o da imprensa de Johannes Guttenberg, as novas ideias protestantes n\u00e3o teriam conseguido se estender pela Europa em grande escala.<\/p>\n<p>7. A Reforma causou guerras de religi\u00e3o<\/p>\n<p>A Reforma provocou uma s\u00e9rie de guerras religiosas que finalmente culminaram na Guerra dos Trinta Anos (1618-1648), que devastou grande parte do territ\u00f3rio atual da Alemanha.<\/p>\n<p>&nbsp;<\/p>\n<p>Fonte: Acidigital<\/p>\n","protected":false},"excerpt":{"rendered":"<p>REDA\u00c7\u00c3O CENTRAL, 31 Out. 17 \/ 10:30 am (ACI).- Hoje se recorda os 500 anos da Reforma Protestante, por esta raz\u00e3o, o Grupo ACI apresenta 7 dados essenciais que resumem as causas e consequ\u00eancias desse per\u00edodo hist\u00f3rico iniciado por Martinho Lutero no s\u00e9culo XVI. 1. A origem da palavra protestante A palavra \u201cprotestante\u201d vem dos [&hellip;]<\/p>\n","protected":false},"author":1,"featured_media":35741,"comment_status":"open","ping_status":"closed","sticky":false,"template":"","format":"standard","meta":{"footnotes":""},"categories":[4],"tags":[],"class_list":["post-35740","post","type-post","status-publish","format-standard","has-post-thumbnail","hentry","category-cotidiano"],"_links":{"self":[{"href":"https:\/\/catolicanet.net\/wp-cnet\/wp-json\/wp\/v2\/posts\/35740","targetHints":{"allow":["GET"]}}],"collection":[{"href":"https:\/\/catolicanet.net\/wp-cnet\/wp-json\/wp\/v2\/posts"}],"about":[{"href":"https:\/\/catolicanet.net\/wp-cnet\/wp-json\/wp\/v2\/types\/post"}],"author":[{"embeddable":true,"href":"https:\/\/catolicanet.net\/wp-cnet\/wp-json\/wp\/v2\/users\/1"}],"replies":[{"embeddable":true,"href":"https:\/\/catolicanet.net\/wp-cnet\/wp-json\/wp\/v2\/comments?post=35740"}],"version-history":[{"count":1,"href":"https:\/\/catolicanet.net\/wp-cnet\/wp-json\/wp\/v2\/posts\/35740\/revisions"}],"predecessor-version":[{"id":35742,"href":"https:\/\/catolicanet.net\/wp-cnet\/wp-json\/wp\/v2\/posts\/35740\/revisions\/35742"}],"wp:featuredmedia":[{"embeddable":true,"href":"https:\/\/catolicanet.net\/wp-cnet\/wp-json\/wp\/v2\/media\/35741"}],"wp:attachment":[{"href":"https:\/\/catolicanet.net\/wp-cnet\/wp-json\/wp\/v2\/media?parent=35740"}],"wp:term":[{"taxonomy":"category","embeddable":true,"href":"https:\/\/catolicanet.net\/wp-cnet\/wp-json\/wp\/v2\/categories?post=35740"},{"taxonomy":"post_tag","embeddable":true,"href":"https:\/\/catolicanet.net\/wp-cnet\/wp-json\/wp\/v2\/tags?post=35740"}],"curies":[{"name":"wp","href":"https:\/\/api.w.org\/{rel}","templated":true}]}}