{"id":35737,"date":"2017-10-31T14:21:25","date_gmt":"2017-10-31T16:21:25","guid":{"rendered":"http:\/\/catolicanet.net\/wp-cnet\/?p=35737"},"modified":"2017-11-24T14:13:24","modified_gmt":"2017-11-24T16:13:24","slug":"incendios-caritas-de-coimbra-cria-plataforma-para-gerir-apoios","status":"publish","type":"post","link":"https:\/\/catolicanet.net\/wp-cnet\/incendios-caritas-de-coimbra-cria-plataforma-para-gerir-apoios\/","title":{"rendered":"Inc\u00eandios: C\u00e1ritas de Coimbra cria plataforma para gerir apoios"},"content":{"rendered":"<p>Hoje realiza-se concerto solid\u00e1rio \u00ab\u00e9 preciso acreditar\u00bb que vai ser transmitido na televis\u00e3o<\/p>\n<p>Coimbra, 31 out 2017 (Ecclesia) \u2013 A C\u00e1ritas Diocesana de Coimbra lan\u00e7ou a plataforma \u2018De M\u00e3os Dadas\u2019 para \u201cagilizar a interliga\u00e7\u00e3o\u201d entre necessidades e ocasi\u00f5es de voluntariado, no \u00e2mbito da fase de acompanhamento e articula\u00e7\u00e3o dos inc\u00eandios de outubro.<\/p>\n<p>\u201cNo mesmo espa\u00e7o online queremos integrar as necessidades de pessoas e empresas afetadas pelos inc\u00eandios, a disponibilidade de volunt\u00e1rios para assegurar os pedidos de ajuda recebidos, gerindo depois o processo de oferta\/procura em articula\u00e7\u00e3o com as entidades oficiais\u201d, explica a institui\u00e7\u00e3o cat\u00f3lica.<\/p>\n<p>A plataforma \u2018De m\u00e3os dadas\u2019 foi implementada pela C\u00e1ritas de Coimbra no \u00e2mbito da fase de acompanhamento e articula\u00e7\u00e3o do Compromisso C\u00e1ritas | Inc\u00eandios outubro.<\/p>\n<p>No 19.\u00ba \u2018report\u2019 da a\u00e7\u00e3o C\u00e1ritas Inc\u00eandios 2017 a institui\u00e7\u00e3o reafirma a \u201cdisponibilidade no apoio a cuidados diretos\u201d e \u201cindiretos\u201d de forma a garantir as necessidades b\u00e1sicas das pessoas \u201cafetadas e concomitantemente a sua subsist\u00eancia\u201d.<\/p>\n<p>Sobre o compromisso de apoio aos inc\u00eandios de junho, a institui\u00e7\u00e3o informa que na \u00faltima semana foram adjudicados \u201cmais 9 processos de reconstru\u00e7\u00e3o total\u201d, que acrescenta \u201c\u00e0s 8 habita\u00e7\u00f5es adjudicadas na semana\u201d anterior.<\/p>\n<p>\u201cNo \u00e2mbito das reconstru\u00e7\u00f5es, parcial e total, foram at\u00e9 ao momento consignados 33 processos, que se traduz num investimento, previs\u00edvel para esta fase, de 1.143.945,73 euros\u201d, acrescenta.<\/p>\n<p>Neste contexto, a C\u00e1ritas Diocesana de Coimbra informa tamb\u00e9m que pretende come\u00e7ar a \u201can\u00e1lise e encaminhamento\u201d dos registros recebidos na plataforma \u2018De m\u00e3os dadas\u2019 para que pessoas, fam\u00edlias e empresas afetadas pelos inc\u00eandios \u201cvejam as suas necessidades colmatadas com celeridade\u201d.<\/p>\n<p>Hoje \u00e0 noite realiza-se o concerto solid\u00e1rio \u00ab\u00c9 preciso acreditar\u00bb no Grande Audit\u00f3rio do Convento de S\u00e3o Francisco, com diversos artistas, que se mobilizaram ap\u00f3s os inc\u00eandios de 15 e 16 de outubro; as receitas v\u00e3o ser entregues \u00e0 C\u00e1ritas de Coimbra.<\/p>\n<p>A iniciativa promovida pelo artista conimbricense Andr\u00e9 Sardet vai ser transmitida no Canal 1 da RTP, pelas 22h00; a C\u00e1ritas de Coimbra informa que h\u00e1 \u201cuma linha telef\u00f4nica e uma conta para donativos\u201d.<\/p>\n<p>&nbsp;<\/p>\n<p>Fonte: Ag\u00eancia Ecclesia<\/p>\n","protected":false},"excerpt":{"rendered":"<p>Hoje realiza-se concerto solid\u00e1rio \u00ab\u00e9 preciso acreditar\u00bb que vai ser transmitido na televis\u00e3o Coimbra, 31 out 2017 (Ecclesia) \u2013 A C\u00e1ritas Diocesana de Coimbra lan\u00e7ou a plataforma \u2018De M\u00e3os Dadas\u2019 para \u201cagilizar a interliga\u00e7\u00e3o\u201d entre necessidades e ocasi\u00f5es de voluntariado, no \u00e2mbito da fase de acompanhamento e articula\u00e7\u00e3o dos inc\u00eandios de outubro. \u201cNo mesmo espa\u00e7o [&hellip;]<\/p>\n","protected":false},"author":1,"featured_media":35738,"comment_status":"open","ping_status":"closed","sticky":false,"template":"","format":"standard","meta":{"footnotes":""},"categories":[4],"tags":[],"class_list":["post-35737","post","type-post","status-publish","format-standard","has-post-thumbnail","hentry","category-cotidiano"],"_links":{"self":[{"href":"https:\/\/catolicanet.net\/wp-cnet\/wp-json\/wp\/v2\/posts\/35737","targetHints":{"allow":["GET"]}}],"collection":[{"href":"https:\/\/catolicanet.net\/wp-cnet\/wp-json\/wp\/v2\/posts"}],"about":[{"href":"https:\/\/catolicanet.net\/wp-cnet\/wp-json\/wp\/v2\/types\/post"}],"author":[{"embeddable":true,"href":"https:\/\/catolicanet.net\/wp-cnet\/wp-json\/wp\/v2\/users\/1"}],"replies":[{"embeddable":true,"href":"https:\/\/catolicanet.net\/wp-cnet\/wp-json\/wp\/v2\/comments?post=35737"}],"version-history":[{"count":1,"href":"https:\/\/catolicanet.net\/wp-cnet\/wp-json\/wp\/v2\/posts\/35737\/revisions"}],"predecessor-version":[{"id":35739,"href":"https:\/\/catolicanet.net\/wp-cnet\/wp-json\/wp\/v2\/posts\/35737\/revisions\/35739"}],"wp:featuredmedia":[{"embeddable":true,"href":"https:\/\/catolicanet.net\/wp-cnet\/wp-json\/wp\/v2\/media\/35738"}],"wp:attachment":[{"href":"https:\/\/catolicanet.net\/wp-cnet\/wp-json\/wp\/v2\/media?parent=35737"}],"wp:term":[{"taxonomy":"category","embeddable":true,"href":"https:\/\/catolicanet.net\/wp-cnet\/wp-json\/wp\/v2\/categories?post=35737"},{"taxonomy":"post_tag","embeddable":true,"href":"https:\/\/catolicanet.net\/wp-cnet\/wp-json\/wp\/v2\/tags?post=35737"}],"curies":[{"name":"wp","href":"https:\/\/api.w.org\/{rel}","templated":true}]}}