{"id":35731,"date":"2017-10-31T11:48:51","date_gmt":"2017-10-31T13:48:51","guid":{"rendered":"http:\/\/catolicanet.net\/wp-cnet\/?p=35731"},"modified":"2017-11-24T14:09:52","modified_gmt":"2017-11-24T16:09:52","slug":"vaticano-emite-selo-comemorativo-pelos-500-anos-da-reforma","status":"publish","type":"post","link":"https:\/\/catolicanet.net\/wp-cnet\/vaticano-emite-selo-comemorativo-pelos-500-anos-da-reforma\/","title":{"rendered":"Vaticano emite selo comemorativo pelos 500 anos da Reforma"},"content":{"rendered":"<p>Cidade do Vaticano (RV) \u2013 O Departamento Filat\u00e9lico do Vaticano recorda os 500 anos da Reforma Protestante com a emiss\u00e3o de um selo comemorativo.<\/p>\n<p>Em primeiro plano, Jesus crucificado, tendo ao fundo um c\u00e9u dourado sobre a cidade de Wittenberg, onde em 31 de outubro de 1717 foram fixadas pelo frei agostiniano as 95 teses.<\/p>\n<p>De joelhos, \u00e0 esquerda, Martinho Lutero com uma B\u00edblia, enquanto \u00e0 direita est\u00e1 seu amigo Filippo Melantone &#8211; um dos maiores divulgadores da Reforma \u2013 tendo em m\u00e3os a Confiss\u00e3o de Augsburgo, o primeiro documento oficial cos princ\u00edpios do protestantismo.<\/p>\n<p>A tiragem do selo, no valor de 1,00 euro, \u00e9 de 120 mil s\u00e9ries completas.<\/p>\n<p>Fonte: R\u00e1dio Vaticano<\/p>\n","protected":false},"excerpt":{"rendered":"<p>Cidade do Vaticano (RV) \u2013 O Departamento Filat\u00e9lico do Vaticano recorda os 500 anos da Reforma Protestante com a emiss\u00e3o de um selo comemorativo. Em primeiro plano, Jesus crucificado, tendo ao fundo um c\u00e9u dourado sobre a cidade de Wittenberg, onde em 31 de outubro de 1717 foram fixadas pelo frei agostiniano as 95 teses. [&hellip;]<\/p>\n","protected":false},"author":1,"featured_media":35732,"comment_status":"open","ping_status":"closed","sticky":false,"template":"","format":"standard","meta":{"footnotes":""},"categories":[13],"tags":[],"class_list":["post-35731","post","type-post","status-publish","format-standard","has-post-thumbnail","hentry","category-featured"],"_links":{"self":[{"href":"https:\/\/catolicanet.net\/wp-cnet\/wp-json\/wp\/v2\/posts\/35731","targetHints":{"allow":["GET"]}}],"collection":[{"href":"https:\/\/catolicanet.net\/wp-cnet\/wp-json\/wp\/v2\/posts"}],"about":[{"href":"https:\/\/catolicanet.net\/wp-cnet\/wp-json\/wp\/v2\/types\/post"}],"author":[{"embeddable":true,"href":"https:\/\/catolicanet.net\/wp-cnet\/wp-json\/wp\/v2\/users\/1"}],"replies":[{"embeddable":true,"href":"https:\/\/catolicanet.net\/wp-cnet\/wp-json\/wp\/v2\/comments?post=35731"}],"version-history":[{"count":1,"href":"https:\/\/catolicanet.net\/wp-cnet\/wp-json\/wp\/v2\/posts\/35731\/revisions"}],"predecessor-version":[{"id":35733,"href":"https:\/\/catolicanet.net\/wp-cnet\/wp-json\/wp\/v2\/posts\/35731\/revisions\/35733"}],"wp:featuredmedia":[{"embeddable":true,"href":"https:\/\/catolicanet.net\/wp-cnet\/wp-json\/wp\/v2\/media\/35732"}],"wp:attachment":[{"href":"https:\/\/catolicanet.net\/wp-cnet\/wp-json\/wp\/v2\/media?parent=35731"}],"wp:term":[{"taxonomy":"category","embeddable":true,"href":"https:\/\/catolicanet.net\/wp-cnet\/wp-json\/wp\/v2\/categories?post=35731"},{"taxonomy":"post_tag","embeddable":true,"href":"https:\/\/catolicanet.net\/wp-cnet\/wp-json\/wp\/v2\/tags?post=35731"}],"curies":[{"name":"wp","href":"https:\/\/api.w.org\/{rel}","templated":true}]}}