{"id":35728,"date":"2017-10-31T11:08:04","date_gmt":"2017-10-31T13:08:04","guid":{"rendered":"http:\/\/catolicanet.net\/wp-cnet\/?p=35728"},"modified":"2017-11-24T14:08:29","modified_gmt":"2017-11-24T16:08:29","slug":"toda-vida-tem-esperanca","status":"publish","type":"post","link":"https:\/\/catolicanet.net\/wp-cnet\/toda-vida-tem-esperanca\/","title":{"rendered":"Toda vida tem Esperan\u00e7a"},"content":{"rendered":"<p>ARQUIDIOCESE DE BEL\u00c9M<\/p>\n<p>Assessoria de Comunica\u00e7\u00e3o Social<\/p>\n<p>30 de outubro de 2017<\/p>\n<p>A fazenda da Esperan\u00e7a Nossa Senhora de Nazar\u00e9 traz \u00e0 Bel\u00e9m o grupo internacional &#8220;Gen Rosso\u201d refer\u00eancia mundial na m\u00fasica Cat\u00f3lica, que far\u00e1 Show nos dia 3 e 4 de novembro, na Assembl\u00e9ia Paraense, \u00e0s 19h30.<br \/>\nDepois de passar por diversos pa\u00edses a Banda Gen Rosso est\u00e1 de volta ao Brasil com Musical \u201cStreet Light\u201d que h\u00e1 mais de 10 anos leva a mensagem de paz e esperan\u00e7a pelo mundo. O evento contar\u00e1 com a participa\u00e7\u00e3o de 500 jovens da Fazenda Esperan\u00e7a de v\u00e1rios Estados que se tornaram protagonistas do espet\u00e1culo. Em Bel\u00e9m, os jovens acolhidos pela Fazenda da Esperan\u00e7a ser\u00e3o preparados com oficinas e forma\u00e7\u00f5es durante uma semana.<br \/>\nCom objetivo promover a preven\u00e7\u00e3o das drogas; gerar a cultura da n\u00e3o viol\u00eancia e Valoriza\u00e7\u00e3o da Vida; envolver jovens numa experi\u00eancia de fortalecimento mental e descoberta de seus potenciais atrav\u00e9s da arte, m\u00fasica e relacionamentos; Agrupar esfor\u00e7os de entidades, pol\u00edticos e empresas preocupadas com a gera\u00e7\u00e3o de uma nova sociedade.<br \/>\nA apresenta\u00e7\u00e3o faz parte o projeto \u201cToda Vida tem Esperan\u00e7a\u201d, evento multicultural que j\u00e1 passou pelas cidades de Joinvile-SC, Aparecida-SP, Vit\u00f3ria-ES, Macei\u00f3-AL, agora em Bel\u00e9m-PA.<br \/>\nNo dia 1 de Novembro, o Arcebispo de Bel\u00e9m, Dom Alberto Taveira Corr\u00eaa, celebrar\u00e1 Missa com a participa\u00e7\u00e3o dos membros da Fazenda da Esperan\u00e7a acolhidos de diversos Estados, na Bas\u00edlica Santu\u00e1rio de Nazar\u00e9, \u00e0s 5h50 da manh\u00e3. A Celebra\u00e7\u00e3o ser\u00e1 transmitida ao vivo para todo Brasil atrav\u00e9s das emissoras cat\u00f3licas Funda\u00e7\u00e3o Nazar\u00e9 e Rede Vida.<\/p>\n<p>Av. Gov. Jos\u00e9 Malcher, n\u00ba 915 &#8211; Nazar\u00e9 &#8211; CEP: 66055-260 &#8211; Bel\u00e9m-PA; CNPJ: 04.814.851\/0001-9 &#8211; Insc.: Isento<\/p>\n<p>Fone: (91) 3215-7001\/7002 | www.arquidiocesedebelem.org.br |<a href=\"mailto:comunicacao@arqbelem.org\">comunicacao@arqbelem.org<\/a>\u00a0| \/arquidiocesedebelemdopara<\/p>\n<p>Espet\u00e1culo Musical<br \/>\nO musical agrega v\u00e1rios segmentos religiosos, com o objetivo \u00fanico de celebrar<br \/>\na vida, levar a esperan\u00e7a, a cultura da partilha e a viv\u00eancia do amor como uma<br \/>\nferramenta para uma mudan\u00e7a real da sociedade e conta a hist\u00f3ria real de Charles<br \/>\nMoats, um jovem idealista que viveu num gueto de Chicago nos anos 60. Durante<br \/>\nsua vida, ele descobre amizades verdadeiras e que, para viver o ideal de fraternidade<br \/>\nem que acredita, deve fazer escolhas, que levadas at\u00e9 as \u00faltimas consequ\u00eancias,<br \/>\npodem ser muito perigosas e mudar definitivamente o rumo da sua vida.<br \/>\nOs ingressos j\u00e1 est\u00e3o sendo vendidos na Centrais BIS, nos principais<br \/>\nshoppings de Bel\u00e9m, custa R$ 30,00. A renda ser\u00e1 revestida para o<br \/>\ntratamento dos internos da Fazenda da Esperan\u00e7a.<br \/>\nFazenda da Esperan\u00e7a Nossa Senhora de Nazar\u00e9<br \/>\nImplantada na Arquidiocese de Bel\u00e9m, em 28 de fevereiro de 2015, no S\u00edtio<br \/>\nPratiquara, s\/n\u00ba, \u00e1rea rural de Mosqueiro \u2013 Par\u00e1, a Fazenda da Esperan\u00e7a Nossa<br \/>\nSenhora de Nazar\u00e9 \u00e9 uma comunidade terap\u00eautica que acolhe pessoas dependes do<br \/>\n\u00e1lcool e das drogas para recupera\u00e7\u00e3o atrav\u00e9s da espiritualidade, da conviv\u00eancia em<br \/>\ncomunidade e do trabalho. A Fazenda e mantida atrav\u00e9s de doa\u00e7\u00f5es, voluntariado e<br \/>\nda venda dos produtos cultivados em Hidroponia, panifica\u00e7\u00e3o e artesanatos<br \/>\nproduzindo pelos acolhidos como parte da terapia.<br \/>\nAl\u00e9m da Fazenda em Mosqueiro, o Estado do Par\u00e1 conta com tamb\u00e9m com<br \/>\noutras cinco Fazendas da Esperan\u00e7a, em Bragan\u00e7a, que atende homens, \u00e9 a mais<br \/>\nantiga instalada do Estado, em Abaetetuba, que atende mulheres, em \u00d3bidos,<br \/>\nReden\u00e7\u00e3o e Tucum\u00e3 que atendem homens.<br \/>\nFazenda da Esperan\u00e7a Hist\u00f3ria<br \/>\nA Fazenda da Esperan\u00e7a \u00e9 uma comunidade terap\u00eautica com 34 anos de<br \/>\nexperi\u00eancia na recupera\u00e7\u00e3o de jovens dependentes qu\u00edmicos.<br \/>\nAvaliada como a maior obra da Am\u00e9rica Latina desenvolvendo essa atividade e<br \/>\najudando milhares de fam\u00edlias, atualmente se encontra em mais de 18 pa\u00edses do<br \/>\nocidente ao oriente. Seu trabalho se baseia no trip\u00e9: conviv\u00eancia em fam\u00edlia, trabalho<br \/>\ncomo processo pedag\u00f3gico e espiritualidade para encontrar um sentido de vida.<\/p>\n<p>Av. Gov. Jos\u00e9 Malcher, n\u00ba 915 &#8211; Nazar\u00e9 &#8211; CEP: 66055-260 &#8211; Bel\u00e9m-PA; CNPJ: 04.814.851\/0001-9 &#8211; Insc.: Isento<\/p>\n<p>Fone: (91) 3215-7001\/7002 | www.arquidiocesedebelem.org.br |<a href=\"mailto:comunicacao@arqbelem.org\">comunicacao@arqbelem.org<\/a>\u00a0| \/arquidiocesedebelemdopara<br \/>\nServi\u00e7o<\/p>\n<p>Show &#8220;Gen Rosso\u201d<\/p>\n<p>Dia: 03 e 4 de novembro<\/p>\n<p>Hora: 19h30<\/p>\n<p>Local: Assembl\u00e9ia Paraense, Av. Almirante Barroso, 4614<\/p>\n<p>Sugest\u00e3o de Entrevistado: Banda Gen Rosso e Luciano de Figueiredo Sim\u00e3o,<br \/>\nCoordenado da Fazenda da Esperan\u00e7a Nossa Senhora de Nazar\u00e9 \u2013 (91) 98401-9632.<\/p>\n<p>Mais Informa\u00e7\u00f5es: (91) 98401-9632 \/3215-7002 &#8211;\u00a0<a href=\"mailto:turne.belem@gmail.com\">turne.belem@gmail.com<\/a><\/p>\n<p>&nbsp;<\/p>\n<p>Fonte: Comunica\u00e7\u00e3o Arquidiocese de Bel\u00e9m<\/p>\n","protected":false},"excerpt":{"rendered":"<p>ARQUIDIOCESE DE BEL\u00c9M Assessoria de Comunica\u00e7\u00e3o Social 30 de outubro de 2017 A fazenda da Esperan\u00e7a Nossa Senhora de Nazar\u00e9 traz \u00e0 Bel\u00e9m o grupo internacional &#8220;Gen Rosso\u201d refer\u00eancia mundial na m\u00fasica Cat\u00f3lica, que far\u00e1 Show nos dia 3 e 4 de novembro, na Assembl\u00e9ia Paraense, \u00e0s 19h30. Depois de passar por diversos pa\u00edses a [&hellip;]<\/p>\n","protected":false},"author":1,"featured_media":35729,"comment_status":"open","ping_status":"closed","sticky":false,"template":"","format":"standard","meta":{"footnotes":""},"categories":[4],"tags":[],"class_list":["post-35728","post","type-post","status-publish","format-standard","has-post-thumbnail","hentry","category-cotidiano"],"_links":{"self":[{"href":"https:\/\/catolicanet.net\/wp-cnet\/wp-json\/wp\/v2\/posts\/35728","targetHints":{"allow":["GET"]}}],"collection":[{"href":"https:\/\/catolicanet.net\/wp-cnet\/wp-json\/wp\/v2\/posts"}],"about":[{"href":"https:\/\/catolicanet.net\/wp-cnet\/wp-json\/wp\/v2\/types\/post"}],"author":[{"embeddable":true,"href":"https:\/\/catolicanet.net\/wp-cnet\/wp-json\/wp\/v2\/users\/1"}],"replies":[{"embeddable":true,"href":"https:\/\/catolicanet.net\/wp-cnet\/wp-json\/wp\/v2\/comments?post=35728"}],"version-history":[{"count":1,"href":"https:\/\/catolicanet.net\/wp-cnet\/wp-json\/wp\/v2\/posts\/35728\/revisions"}],"predecessor-version":[{"id":35730,"href":"https:\/\/catolicanet.net\/wp-cnet\/wp-json\/wp\/v2\/posts\/35728\/revisions\/35730"}],"wp:featuredmedia":[{"embeddable":true,"href":"https:\/\/catolicanet.net\/wp-cnet\/wp-json\/wp\/v2\/media\/35729"}],"wp:attachment":[{"href":"https:\/\/catolicanet.net\/wp-cnet\/wp-json\/wp\/v2\/media?parent=35728"}],"wp:term":[{"taxonomy":"category","embeddable":true,"href":"https:\/\/catolicanet.net\/wp-cnet\/wp-json\/wp\/v2\/categories?post=35728"},{"taxonomy":"post_tag","embeddable":true,"href":"https:\/\/catolicanet.net\/wp-cnet\/wp-json\/wp\/v2\/tags?post=35728"}],"curies":[{"name":"wp","href":"https:\/\/api.w.org\/{rel}","templated":true}]}}