{"id":35719,"date":"2017-10-31T09:22:09","date_gmt":"2017-10-31T11:22:09","guid":{"rendered":"http:\/\/catolicanet.net\/wp-cnet\/?p=35719"},"modified":"2017-11-24T13:42:04","modified_gmt":"2017-11-24T15:42:04","slug":"santuario-prepara-mobiliario-especial-para-festa-dos-300-anos","status":"publish","type":"post","link":"https:\/\/catolicanet.net\/wp-cnet\/santuario-prepara-mobiliario-especial-para-festa-dos-300-anos\/","title":{"rendered":"Santu\u00e1rio prepara mobili\u00e1rio especial para festa dos 300 anos"},"content":{"rendered":"<p>Amb\u00e3o, sedia, altar e banquetas para os celebrantes s\u00e3o as pe\u00e7as especialmente produzidas para a Missa Solene.<\/p>\n<p>Na marcenaria do Santu\u00e1rio de Aparecida o trabalho est\u00e1 a todo vapor, para as festividades da Padroeira do Brasil em outubro. A equipe de cinco pessoas se desdobra desde o m\u00eas de agosto, para realizar a confec\u00e7\u00e3o do mobili\u00e1rio sacro. Pelo menos tr\u00eas horas do dia s\u00e3o destinadas exclusivamente a montagem das dez pe\u00e7as. \u201cPara toda a equipe \u00e9 uma emo\u00e7\u00e3o fazer os m\u00f3veis que ser\u00e3o usados na missa campal do dia 12 de outubro, na Tribuna Bento XVI. \u00c9 algo singular, porque s\u00f3 daqui cem anos haver\u00e1 uma comemora\u00e7\u00e3o t\u00e3o grande como essa. Estamos colocando ainda mais amor e carinho nessas pe\u00e7as.\u201d, destaca emocionado o encarregado do departamento Anderson Fernando.<\/p>\n<p>O projeto das pe\u00e7as, que ser\u00e3o utilizadas na missa solene dos 300 anos no dia 12 de outubro, \u00e9 composto pelo amb\u00e3o, local de onde s\u00e3o feitas as leituras; sete banquetas para os concelebrantes; a sedia, cadeira do presidente da celebra\u00e7\u00e3o e a mesa da eucaristia, que para Anderson \u00e9 a pe\u00e7a mais especial do conjunto. \u201cQuando fizemos o altar, nos reunimos ao redor dele e cada um da equipe realizou um pedido. Acreditamos que na missa solene do dia 12, essas nossas inten\u00e7\u00f5es ser\u00e3o colocadas em ora\u00e7\u00e3o\u201d, conta.<\/p>\n<p>Todo o mobili\u00e1rio para a celebra\u00e7\u00e3o do tricenten\u00e1rio foi produzido em mogno maci\u00e7o e atualmente recebe o acabamento em marchetaria e azulejo, conforme o projeto pensado pelo padre Marcelo Magalh\u00e3es, diretor do Portal A12, respons\u00e1vel pelo desenho dos objetos lit\u00fargicos.<\/p>\n<p>As pe\u00e7as remetem a elementos j\u00e1 existentes na simbologia do Santu\u00e1rio, tendo como inspira\u00e7\u00e3o o direcionamento art\u00edstico que j\u00e1 havia sido pensado pelo artista sacro Claudio Pastro, falecido em outubro de 2016. \u201cPara o projeto utilizei a mesma tem\u00e1tica que o Cl\u00e1udio Pastro desenvolveu para os paramentos, seguindo uma linha teol\u00f3gica que recorda o crist\u00e3o como algu\u00e9m que se p\u00f5e em escuta nas mesas da Palavra e da Eucaristia. J\u00e1 o movimento das \u00e1guas nos conduz \u00e0s profundezas do que Deus quer de n\u00f3s.\u201d, explica o sacerdote.<\/p>\n<p>Saiba o significado de cada elemento das pe\u00e7as que ser\u00e3o usada na missa solene, do dia 12 de outubro \u00e0s 9h30, conforme descri\u00e7\u00e3o do padre Marcelo Magalh\u00e3es:<\/p>\n<p>5\/10<\/p>\n<p>\u00c1guas \u2013 As \u00e1guas representadas no amb\u00e3o, no p\u00e9 do altar e nas banquetas simbolizam o movimento das \u00e1guas, pois a imagem de Nossa Senhora Aparecida foi encontrada nas \u00e1guas e todo o Santu\u00e1rio Nacional \u00e9 rodeado pelas \u00e1guas que trazem os devotos at\u00e9 o trono\/nicho de Nossa Senhora Aparecida.<\/p>\n<p>O movimento das \u00e1guas representam a continuidade do crist\u00e3o, que nunca est\u00e1 parado, simbolizam tamb\u00e9m, o movimento que leva a Deus, por meio das \u00e1guas do batismo.<\/p>\n<p>Peixes \u2013 O desenho dos tr\u00eas peixes simbolizam os tr\u00eas pescadores, mas tamb\u00e9m todo o crist\u00e3o que se p\u00f5e na posi\u00e7\u00e3o em que cada peixe est\u00e1, em p\u00e9, que \u00e9 a posi\u00e7\u00e3o de escuta, mostrando disponibilidade para ouvir e servir.<\/p>\n<p>Os peixes aparecem na sedia, que \u00e9 de onde o pastor fala, em observ\u00e2ncia \u00e0quilo que o pastor fala. Na Mesa da Palavra, que \u00e9 de onde brota o ensinamento e de onde todo o crist\u00e3o busca os ensinamentos para uma vida de f\u00e9, de acordo com os valores evang\u00e9licos. No Altar Central, de onde a missa \u00e9 presidida, pois \u00e9 na da eucaristia que o crist\u00e3o ganha e tem a for\u00e7a necess\u00e1ria para seguir a vida nos passos de Deus.<\/p>\n<p>Madeira \u2013 representa a simplicidade de Nossa Senhora Aparecida, remetendo \u00e0s suas origens e o in\u00edcio da devo\u00e7\u00e3o em um casebre sob o cuidado do povo.<\/p>\n<p>Fonte: Imprensa Santu\u00e1rio de Aparecida<\/p>\n","protected":false},"excerpt":{"rendered":"<p>Amb\u00e3o, sedia, altar e banquetas para os celebrantes s\u00e3o as pe\u00e7as especialmente produzidas para a Missa Solene. Na marcenaria do Santu\u00e1rio de Aparecida o trabalho est\u00e1 a todo vapor, para as festividades da Padroeira do Brasil em outubro. A equipe de cinco pessoas se desdobra desde o m\u00eas de agosto, para realizar a confec\u00e7\u00e3o do [&hellip;]<\/p>\n","protected":false},"author":1,"featured_media":35720,"comment_status":"open","ping_status":"closed","sticky":false,"template":"","format":"standard","meta":{"footnotes":""},"categories":[4],"tags":[],"class_list":["post-35719","post","type-post","status-publish","format-standard","has-post-thumbnail","hentry","category-cotidiano"],"_links":{"self":[{"href":"https:\/\/catolicanet.net\/wp-cnet\/wp-json\/wp\/v2\/posts\/35719","targetHints":{"allow":["GET"]}}],"collection":[{"href":"https:\/\/catolicanet.net\/wp-cnet\/wp-json\/wp\/v2\/posts"}],"about":[{"href":"https:\/\/catolicanet.net\/wp-cnet\/wp-json\/wp\/v2\/types\/post"}],"author":[{"embeddable":true,"href":"https:\/\/catolicanet.net\/wp-cnet\/wp-json\/wp\/v2\/users\/1"}],"replies":[{"embeddable":true,"href":"https:\/\/catolicanet.net\/wp-cnet\/wp-json\/wp\/v2\/comments?post=35719"}],"version-history":[{"count":1,"href":"https:\/\/catolicanet.net\/wp-cnet\/wp-json\/wp\/v2\/posts\/35719\/revisions"}],"predecessor-version":[{"id":35721,"href":"https:\/\/catolicanet.net\/wp-cnet\/wp-json\/wp\/v2\/posts\/35719\/revisions\/35721"}],"wp:featuredmedia":[{"embeddable":true,"href":"https:\/\/catolicanet.net\/wp-cnet\/wp-json\/wp\/v2\/media\/35720"}],"wp:attachment":[{"href":"https:\/\/catolicanet.net\/wp-cnet\/wp-json\/wp\/v2\/media?parent=35719"}],"wp:term":[{"taxonomy":"category","embeddable":true,"href":"https:\/\/catolicanet.net\/wp-cnet\/wp-json\/wp\/v2\/categories?post=35719"},{"taxonomy":"post_tag","embeddable":true,"href":"https:\/\/catolicanet.net\/wp-cnet\/wp-json\/wp\/v2\/tags?post=35719"}],"curies":[{"name":"wp","href":"https:\/\/api.w.org\/{rel}","templated":true}]}}