{"id":35713,"date":"2017-10-31T08:11:42","date_gmt":"2017-10-31T10:11:42","guid":{"rendered":"http:\/\/catolicanet.net\/wp-cnet\/?p=35713"},"modified":"2017-11-24T13:38:44","modified_gmt":"2017-11-24T15:38:44","slug":"o-que-fazer-com-uma-imagem-sacra-abencoada-que-quebrou","status":"publish","type":"post","link":"https:\/\/catolicanet.net\/wp-cnet\/o-que-fazer-com-uma-imagem-sacra-abencoada-que-quebrou\/","title":{"rendered":"O que fazer com uma imagem sacra aben\u00e7oada que quebrou?"},"content":{"rendered":"<p>Uma imagem que est\u00e1 quebrada ou danificada n\u00e3o atinge todo o seu objetivo<\/p>\n<p>Antes de pontuar o que se pode fazer com uma imagem sacra que se quebrou, \u00e9 v\u00e1lido destacar a import\u00e2ncia e o valor das imagens na Igreja. Come\u00e7o recordando que cat\u00f3lico n\u00e3o adora imagem, mas tem por ela venera\u00e7\u00e3o. S\u00e3o Jo\u00e3o Damasceno diz que \u201cantigamente, Deus, que n\u00e3o tem corpo nem apar\u00eancia, n\u00e3o podia em absoluto ser representado por uma imagem. Mas, agora que se mostrou na carne e viveu com os homens, posso fazer uma imagem daquilo que vi de Deus. (\u2026) Com o rosto descoberto, contemplamos a gl\u00f3ria do Senhor\u201d (Catecismo da Igreja Cat\u00f3lica, n. 1159).<\/p>\n<p>Nessa perspectiva, o Catecismo da Igreja ensina que, \u201cna trilha da doutrina divinamente inspirada de nossos santos padres e da tradi\u00e7\u00e3o da Igreja Cat\u00f3lica, que sabemos ser a tradi\u00e7\u00e3o do Esp\u00edrito Santo que habita nela, definimos, com toda certeza e acerto, que as vener\u00e1veis e santas imagens [\u2026] devem ser colocadas nas santas igrejas de Deus, nas casas e nos caminhos, tanto a imagem de Nosso Senhor, Deus e Salvador, Jesus Cristo, como a de Nossa Senhora, a pur\u00edssima e sant\u00edssima M\u00e3e de Deus, dos santos anjos, de todos os santos e dos justos\u201d (Catecismo da Igreja Cat\u00f3lica, n. 1161). A Igreja sempre valorizou tais pr\u00e1ticas que conduzem para o pr\u00f3prio Deus.<br \/>\nComo dispensar com zelo imagens sacras aben\u00e7oadas quebradas?<\/p>\n<p>Um primeiro ponto a ser observado em rela\u00e7\u00e3o a uma imagem sacra que se quebrou \u00e9 verificar a possibilidade de restaur\u00e1-la, se assim for oportuno. Ap\u00f3s uma avalia\u00e7\u00e3o do estado da imagem e n\u00e3o havendo uma possibilidade ou interesse em sua restaura\u00e7\u00e3o, o pr\u00f3ximo passo seria utilizar a forma mais coerente de se desfazer do objeto levando em conta seu significado.<\/p>\n<p>A sugest\u00e3o \u00e9 que n\u00e3o h\u00e1 \u201cnecessidade\u201d de se levar as imagens quebradas para depositar nas igrejas, cemit\u00e9rios, jogar em rios ou em outros lugares, mas elas podem ser trituradas e enterradas no jardim ou em um vaso de sua casa. O sentido \u00e9 evitar a possibilidade de as imagens que foram aben\u00e7oadas serem escarnecidas, ao serem jogadas no lixo com indignidade ou deixadas em lugar indevido.<\/p>\n<p>Com isso, deve-se desfazer das imagens danificadas de forma que o seu valor espiritual e significado religioso n\u00e3o sejam afetados, evitando qualquer sinal de desrespeito.<\/p>\n<p>Dizia S\u00e3o Jo\u00e3o Damasceno que \u201ca beleza e a cor das imagens estimulam minha ora\u00e7\u00e3o. \u00c9 uma festa para os meus olhos, tanto quanto o espet\u00e1culo do campo estimula meu cora\u00e7\u00e3o a dar gl\u00f3ria a Deus\u201d. Assim, a fun\u00e7\u00e3o tanto das imagens aben\u00e7oadas quanto dos \u00edcones santos em boas condi\u00e7\u00f5es \u00e9 entrar \u201cna harmonia dos sinais da celebra\u00e7\u00e3o, para que o mist\u00e9rio celebrado se grave na mem\u00f3ria do cora\u00e7\u00e3o e se exprima em seguida na vida nova dos fi\u00e9is\u201d (Catecismo da Igreja Cat\u00f3lica, n. 1162). Portanto, uma imagem que est\u00e1 quebrada ou danificada n\u00e3o atinge todo o seu objetivo, por isso pode ser dispensada sem nenhum problema.<\/p>\n<p>Por M\u00e1rcio Leandro Fernandes, via Can\u00e7\u00e3o Nova<\/p>\n<p>&nbsp;<\/p>\n<p>Fonte: Aleteia<\/p>\n","protected":false},"excerpt":{"rendered":"<p>Uma imagem que est\u00e1 quebrada ou danificada n\u00e3o atinge todo o seu objetivo Antes de pontuar o que se pode fazer com uma imagem sacra que se quebrou, \u00e9 v\u00e1lido destacar a import\u00e2ncia e o valor das imagens na Igreja. Come\u00e7o recordando que cat\u00f3lico n\u00e3o adora imagem, mas tem por ela venera\u00e7\u00e3o. S\u00e3o Jo\u00e3o Damasceno [&hellip;]<\/p>\n","protected":false},"author":1,"featured_media":35714,"comment_status":"open","ping_status":"closed","sticky":false,"template":"","format":"standard","meta":{"footnotes":""},"categories":[4],"tags":[],"class_list":["post-35713","post","type-post","status-publish","format-standard","has-post-thumbnail","hentry","category-cotidiano"],"_links":{"self":[{"href":"https:\/\/catolicanet.net\/wp-cnet\/wp-json\/wp\/v2\/posts\/35713","targetHints":{"allow":["GET"]}}],"collection":[{"href":"https:\/\/catolicanet.net\/wp-cnet\/wp-json\/wp\/v2\/posts"}],"about":[{"href":"https:\/\/catolicanet.net\/wp-cnet\/wp-json\/wp\/v2\/types\/post"}],"author":[{"embeddable":true,"href":"https:\/\/catolicanet.net\/wp-cnet\/wp-json\/wp\/v2\/users\/1"}],"replies":[{"embeddable":true,"href":"https:\/\/catolicanet.net\/wp-cnet\/wp-json\/wp\/v2\/comments?post=35713"}],"version-history":[{"count":1,"href":"https:\/\/catolicanet.net\/wp-cnet\/wp-json\/wp\/v2\/posts\/35713\/revisions"}],"predecessor-version":[{"id":35715,"href":"https:\/\/catolicanet.net\/wp-cnet\/wp-json\/wp\/v2\/posts\/35713\/revisions\/35715"}],"wp:featuredmedia":[{"embeddable":true,"href":"https:\/\/catolicanet.net\/wp-cnet\/wp-json\/wp\/v2\/media\/35714"}],"wp:attachment":[{"href":"https:\/\/catolicanet.net\/wp-cnet\/wp-json\/wp\/v2\/media?parent=35713"}],"wp:term":[{"taxonomy":"category","embeddable":true,"href":"https:\/\/catolicanet.net\/wp-cnet\/wp-json\/wp\/v2\/categories?post=35713"},{"taxonomy":"post_tag","embeddable":true,"href":"https:\/\/catolicanet.net\/wp-cnet\/wp-json\/wp\/v2\/tags?post=35713"}],"curies":[{"name":"wp","href":"https:\/\/api.w.org\/{rel}","templated":true}]}}