{"id":3571,"date":"2013-11-29T03:00:00","date_gmt":"2013-11-29T05:00:00","guid":{"rendered":"http:\/\/catolicanet.net\/wp-cnet\/o-significado-do-advento\/"},"modified":"2017-03-23T16:47:37","modified_gmt":"2017-03-23T19:47:37","slug":"o-significado-do-advento","status":"publish","type":"post","link":"https:\/\/catolicanet.net\/wp-cnet\/o-significado-do-advento\/","title":{"rendered":"O Significado do Advento"},"content":{"rendered":"<p style=\"text-align: justify;\"><img decoding=\"async\" src=\"http:\/\/catolicanet.com.br\/images\/stories\/domeurico1.jpg\" border=\"0\" align=\"left\" \/>O evangelista Jo\u00e3o diz que \u201ca Palavra se fez homem e armou sua tenda no meio de n\u00f3s\u201d e esse fato \u00e9 a mais elevada express\u00e3o do amor que Deus tem pela humanidade: \u201cDeus amou de tal forma o mundo, que entregou seu Filho \u00fanico\u201d.<br \/>O povo de Deus foi aos poucos compreendendo a misteriosa trama desse sonho. Nove s\u00e9culos antes do nascimento de Jesus, o rei Salom\u00e3o inaugurava o Templo de Jerusal\u00e9m e reconhecia que Deus n\u00e3o cabe no Templo que ele havia constru\u00eddo.<br \/>Isa\u00edas, o profeta que mais fala da vinda do Messias, descobriu sua voca\u00e7\u00e3o prof\u00e9tica numa celebra\u00e7\u00e3o solene no Templo de Jerusal\u00e9m. Tamb\u00e9m ele reconheceu que um santu\u00e1rio, por mais espl\u00eandido que seja; n\u00e3o consegue conter a divindade. Na experi\u00eancia que fez, a barra do manto do Senhor era suficiente para preencher o Templo. O profeta da esperan\u00e7a n\u00e3o se conforma com o confinamento de Deus e expressa seu ardente desejo: \u201cEstamos como outrora, quando ainda n\u00e3o nos governavas, quando sobre n\u00f3s o teu nome nunca fora invocado. Quem dera rasgasses o c\u00e9u para descer!\u201d<br \/>O evangelista Marcos afirma que, no Batismo de Jesus, o c\u00e9u se rasgou, realizando esse sonho.<br \/>Advento n\u00e3o \u00e9 expectativa, \u00e9 esperan\u00e7a. A expectativa pode dispensar nossa colabora\u00e7\u00e3o, mas a esperan\u00e7a a convoca a entrar na roda, pois a esperan\u00e7a b\u00edblica e do Advento se faz com as m\u00e3os, os p\u00e9s, o cora\u00e7\u00e3o. O melhor modo de vivenciar essa espiritualidade \u00e9 olhar para uma gr\u00e1vida: todo o seu ser vai se transformando em vista da esperan\u00e7a que carrega. A pr\u00f3pria fam\u00edlia de uma gr\u00e1vida vive um clima novo por causa do ser que palpita e que vai nascer. Isso \u00e9 Advento.<br \/>Tudo isso certamente aconteceu com Maria, portadora da esperan\u00e7a da humanidade, corpo que Deus escolheu para que seu Filho realizasse o sonho de ser \u00e0 nossa imagem e semelhan\u00e7a. Mas isso n\u00e3o basta. Maria n\u00e3o esperou acontecer e, como diz o poeta, soube fazer a hora. Ela \u00e9 a melhor express\u00e3o da espiritualidade do Advento. Declarando-se \u201cserva do Senhor\u201d, n\u00e3o encontrou melhor forma de expressar isso sen\u00e3o indo depressa \u00e0 serra da Judeia para servir sua prima. L\u00e1 se p\u00f4s a fazer as coisas que fazia toda dona de casa de seu tempo. Os atos podiam ser simples, mas o modo como a M\u00e3e do Filho de Deus agia em prepara\u00e7\u00e3o ao nascimento de Jesus \u00e9 insuper\u00e1vel.<br \/>Natal \u00e9 vida que nasce, \u00e9 festa da vida, festa da fam\u00edlia. Deus se fez como n\u00f3s, ele se espelhou em n\u00f3s para convidar-nos a valorizar o dom da vida.<br \/>Que todos unidos e cada um de n\u00f3s possa viver verdadeiramente o Advento, n\u00e3o como uma expectativa, mas como a esperan\u00e7a de um mundo melhor, mais fraterno, mais humano, cheio de amor e paz.<\/p>\n","protected":false},"excerpt":{"rendered":"<p>O evangelista Jo\u00e3o diz que \u201ca Palavra se fez homem e armou sua tenda no meio de n\u00f3s\u201d e esse fato \u00e9 a mais elevada express\u00e3o do amor que Deus tem pela humanidade: \u201cDeus amou de tal forma o mundo, que entregou seu Filho \u00fanico\u201d.O povo de Deus foi aos poucos compreendendo a misteriosa trama [&hellip;]<\/p>\n","protected":false},"author":10,"featured_media":0,"comment_status":"closed","ping_status":"closed","sticky":false,"template":"","format":"standard","meta":{"footnotes":""},"categories":[9],"tags":[],"class_list":["post-3571","post","type-post","status-publish","format-standard","hentry","category-artigos"],"_links":{"self":[{"href":"https:\/\/catolicanet.net\/wp-cnet\/wp-json\/wp\/v2\/posts\/3571","targetHints":{"allow":["GET"]}}],"collection":[{"href":"https:\/\/catolicanet.net\/wp-cnet\/wp-json\/wp\/v2\/posts"}],"about":[{"href":"https:\/\/catolicanet.net\/wp-cnet\/wp-json\/wp\/v2\/types\/post"}],"author":[{"embeddable":true,"href":"https:\/\/catolicanet.net\/wp-cnet\/wp-json\/wp\/v2\/users\/10"}],"replies":[{"embeddable":true,"href":"https:\/\/catolicanet.net\/wp-cnet\/wp-json\/wp\/v2\/comments?post=3571"}],"version-history":[{"count":1,"href":"https:\/\/catolicanet.net\/wp-cnet\/wp-json\/wp\/v2\/posts\/3571\/revisions"}],"predecessor-version":[{"id":7781,"href":"https:\/\/catolicanet.net\/wp-cnet\/wp-json\/wp\/v2\/posts\/3571\/revisions\/7781"}],"wp:attachment":[{"href":"https:\/\/catolicanet.net\/wp-cnet\/wp-json\/wp\/v2\/media?parent=3571"}],"wp:term":[{"taxonomy":"category","embeddable":true,"href":"https:\/\/catolicanet.net\/wp-cnet\/wp-json\/wp\/v2\/categories?post=3571"},{"taxonomy":"post_tag","embeddable":true,"href":"https:\/\/catolicanet.net\/wp-cnet\/wp-json\/wp\/v2\/tags?post=3571"}],"curies":[{"name":"wp","href":"https:\/\/api.w.org\/{rel}","templated":true}]}}