{"id":35706,"date":"2017-10-31T08:04:48","date_gmt":"2017-10-31T10:04:48","guid":{"rendered":"http:\/\/catolicanet.net\/wp-cnet\/?p=35706"},"modified":"2017-11-24T13:35:20","modified_gmt":"2017-11-24T15:35:20","slug":"papa-francisco-armas-nucleares-humanidade-corre-risco-de-suicidio","status":"publish","type":"post","link":"https:\/\/catolicanet.net\/wp-cnet\/papa-francisco-armas-nucleares-humanidade-corre-risco-de-suicidio\/","title":{"rendered":"Papa Francisco: armas nucleares, humanidade corre risco de suic\u00eddio"},"content":{"rendered":"<p>Cidade do Vaticano (RV) &#8211; \u201cA humanidade corre o risco de suic\u00eddio.\u201d Foi o que disse o Papa Francisco durante sua visita \u00e0 sede do Dicast\u00e9rio para o Servi\u00e7o do Desenvolvimento Humano Integral, nesta segunda-feira (30\/10), referindo-se \u00e0 amea\u00e7a das armas nucleares.<\/p>\n<p>Numa nota divulgada, nesta segunda-feira, o Diretor da Sala de Imprensa da Santa S\u00e9, Greg Burke, informa que na pr\u00f3xima semana se realizar\u00e1, no Vaticano, um encontro importante sobre o tema \u201cPerspectivas para um mundo livre de armas nucleares e para o desenvolvimento integral\u201d.<\/p>\n<p>\u201cO Santo Padre trabalha com determina\u00e7\u00e3o a fim de promover as condi\u00e7\u00f5es necess\u00e1rias para um mundo sem armas nucleares, conforme reiterado por ele, em mar\u00e7o passado, na mensagem para a ONU. \u00c9 falso falar de media\u00e7\u00e3o da Santa S\u00e9\u201d, afirma Burke, como afirmado pela m\u00eddia italiana sobre a crise em andamento entre Estados Unidos e Coreia do Norte.<\/p>\n<p>O encontro, promovido pelo Dicast\u00e9rio para o Servi\u00e7o do Desenvolvimento Humano Integral, se realizar\u00e1 na Sala Nova do S\u00ednodo, no Vaticano, nos dias 10 e 11 de novembro pr\u00f3ximo, \u201ccom a participa\u00e7\u00e3o de personalidades de alto n\u00edvel\u201d, segundo a subsecret\u00e1ria do organismo vaticano, Flaminia Giovanelli, entrevistada pela R\u00e1dio Vaticano \u2013 Secretaria para a Comunica\u00e7\u00e3o.<\/p>\n<p>Giovanelli fala sobre o que o Papa disse durante sua visita ao Dicast\u00e9rio para o Servi\u00e7o do Desenvolvimento Humano Integral.<\/p>\n<p>Giovanelli: \u201cO Papa sublinhou mais uma vez, algo que faz habitualmente, o fen\u00f4meno do com\u00e9rcio de armas. Reiterou a sua den\u00fancia contra esse com\u00e9rcio de armas que estimula e alimenta esses redutos de conflitos, que n\u00e3o s\u00e3o redutos de conflitos, mas, disse ele mais uma vez: \u2018Estamos numa verdadeira guerra\u2019. Falando sobre as armas nucleares, uma amea\u00e7a que infelizmente est\u00e1 presente h\u00e1 d\u00e9cadas e se torna mais aguda, como nos dias\u00a0 atuais, falou tamb\u00e9m de \u2018suic\u00eddio da humanidade\u2019, do risco de suic\u00eddio da humanidade. Proferiu palavras muito fortes.\u201d<\/p>\n<p>RV: Como nasceu esse encontro no Vaticano?<\/p>\n<p>Giovanelli: \u201cDiria que nasceu do querer dar um seguimento ao Tratado sobre a Proibi\u00e7\u00e3o de Armas Nucleares adotado em julho passado e assinado pela Santa S\u00e9 em setembro, com grande convic\u00e7\u00e3o. Nasceu disso e certamente tudo isso caminha na dire\u00e7\u00e3o daquilo que o Santo Padre deseja, de querer sublinhar algo positivo que aconteceu, pelo menos do ponto de vista simb\u00f3lico, com a assinatura do Tratado. Depois, h\u00e1 tamb\u00e9m o aumento da crise nuclear e por causa disso esse congresso tornou-se realmente um momento muito importante. Tivemos uma \u00f3tima resposta de todas as inst\u00e2ncias que interpelamos, tanto da comunidade internacional quanto dos Pr\u00eamios Nobel. Participar\u00e3o 11 delas e haver\u00e1 tamb\u00e9m testemunhos de sobreviventes da trag\u00e9dia de Hiroshima.\u201d<\/p>\n<p>&nbsp;<\/p>\n<p>Fonte: R\u00e1dio Vaticano<\/p>\n","protected":false},"excerpt":{"rendered":"<p>Cidade do Vaticano (RV) &#8211; \u201cA humanidade corre o risco de suic\u00eddio.\u201d Foi o que disse o Papa Francisco durante sua visita \u00e0 sede do Dicast\u00e9rio para o Servi\u00e7o do Desenvolvimento Humano Integral, nesta segunda-feira (30\/10), referindo-se \u00e0 amea\u00e7a das armas nucleares. Numa nota divulgada, nesta segunda-feira, o Diretor da Sala de Imprensa da Santa [&hellip;]<\/p>\n","protected":false},"author":1,"featured_media":35707,"comment_status":"open","ping_status":"closed","sticky":false,"template":"","format":"standard","meta":{"footnotes":""},"categories":[3],"tags":[],"class_list":["post-35706","post","type-post","status-publish","format-standard","has-post-thumbnail","hentry","category-vaticano"],"_links":{"self":[{"href":"https:\/\/catolicanet.net\/wp-cnet\/wp-json\/wp\/v2\/posts\/35706","targetHints":{"allow":["GET"]}}],"collection":[{"href":"https:\/\/catolicanet.net\/wp-cnet\/wp-json\/wp\/v2\/posts"}],"about":[{"href":"https:\/\/catolicanet.net\/wp-cnet\/wp-json\/wp\/v2\/types\/post"}],"author":[{"embeddable":true,"href":"https:\/\/catolicanet.net\/wp-cnet\/wp-json\/wp\/v2\/users\/1"}],"replies":[{"embeddable":true,"href":"https:\/\/catolicanet.net\/wp-cnet\/wp-json\/wp\/v2\/comments?post=35706"}],"version-history":[{"count":1,"href":"https:\/\/catolicanet.net\/wp-cnet\/wp-json\/wp\/v2\/posts\/35706\/revisions"}],"predecessor-version":[{"id":35708,"href":"https:\/\/catolicanet.net\/wp-cnet\/wp-json\/wp\/v2\/posts\/35706\/revisions\/35708"}],"wp:featuredmedia":[{"embeddable":true,"href":"https:\/\/catolicanet.net\/wp-cnet\/wp-json\/wp\/v2\/media\/35707"}],"wp:attachment":[{"href":"https:\/\/catolicanet.net\/wp-cnet\/wp-json\/wp\/v2\/media?parent=35706"}],"wp:term":[{"taxonomy":"category","embeddable":true,"href":"https:\/\/catolicanet.net\/wp-cnet\/wp-json\/wp\/v2\/categories?post=35706"},{"taxonomy":"post_tag","embeddable":true,"href":"https:\/\/catolicanet.net\/wp-cnet\/wp-json\/wp\/v2\/tags?post=35706"}],"curies":[{"name":"wp","href":"https:\/\/api.w.org\/{rel}","templated":true}]}}