{"id":3569,"date":"2013-12-02T12:38:04","date_gmt":"2013-12-02T14:38:04","guid":{"rendered":"http:\/\/catolicanet.net\/wp-cnet\/praca-sao-pedro-tera-presepio-napolitano\/"},"modified":"2017-03-23T16:36:22","modified_gmt":"2017-03-23T19:36:22","slug":"praca-sao-pedro-tera-presepio-napolitano","status":"publish","type":"post","link":"https:\/\/catolicanet.net\/wp-cnet\/praca-sao-pedro-tera-presepio-napolitano\/","title":{"rendered":"Pra\u00e7a S\u00e3o Pedro ter\u00e1 pres\u00e9pio napolitano"},"content":{"rendered":"<p style=\"text-align: justify;\"><img decoding=\"async\" src=\"http:\/\/catolicanet.com.br\/images\/stories\/saopedro.jpg\" border=\"0\" align=\"left\" \/>A Pra\u00e7a S\u00e3o Pedro ser\u00e1 enfeitada este ano por um pres\u00e9pio napolitano presenteado pelo arcebispo, Cardeal Crescenzio Sepe.<\/p>\n<p>A obra ter\u00e1 o estilo art\u00edstico da N\u00e1poles do s\u00e9culo XVIII. O respons\u00e1vel ser\u00e1 Antonio Di Tuoro, que h\u00e1 anos cuida dos pres\u00e9pios da diocese de N\u00e1poles. Os pastores, por sua vez, foram criados por Antonio Canton, artista de San Gregorio Armeno, a rua conhecida internacionalmente por suas barracas de figuras e elementos tradicionais para pres\u00e9pios (veja foto).<\/p>\n<p>Canton \u00e9 o criador do pres\u00e9pio de cerca de 4 metros, todo constru\u00eddo com material reciclado, feito de acordo com a tradi\u00e7\u00e3o do Settecento napolitano. Exposta na Igreja de San Domenico Maggiore, a obra recebeu a b\u00ean\u00e7\u00e3o do Cardeal Sepe.<\/p>\n<p>Destaque especial merece a legenda da obra: &#8220;1223-2013: Em 1223, S\u00e3o Francisco cria o primeiro pres\u00e9pio; em 2013, Francisco \u00e9 o primeiro Papa que recebe em Roma o pres\u00e9pio napolitano&#8221;.<\/p>\n<p style=\"text-align: justify;\"><strong><br \/><\/strong><\/p>\n<p style=\"text-align: justify;\"><strong>Local: Cidade do Vaticano <br \/>Fonte: R\u00e1dio Vaticano<\/strong><\/p>\n","protected":false},"excerpt":{"rendered":"<p>A Pra\u00e7a S\u00e3o Pedro ser\u00e1 enfeitada este ano por um pres\u00e9pio napolitano presenteado pelo arcebispo, Cardeal Crescenzio Sepe. A obra ter\u00e1 o estilo art\u00edstico da N\u00e1poles do s\u00e9culo XVIII. O respons\u00e1vel ser\u00e1 Antonio Di Tuoro, que h\u00e1 anos cuida dos pres\u00e9pios da diocese de N\u00e1poles. Os pastores, por sua vez, foram criados por Antonio Canton, [&hellip;]<\/p>\n","protected":false},"author":1,"featured_media":0,"comment_status":"closed","ping_status":"closed","sticky":false,"template":"","format":"standard","meta":{"footnotes":""},"categories":[3],"tags":[],"class_list":["post-3569","post","type-post","status-publish","format-standard","hentry","category-vaticano"],"_links":{"self":[{"href":"https:\/\/catolicanet.net\/wp-cnet\/wp-json\/wp\/v2\/posts\/3569","targetHints":{"allow":["GET"]}}],"collection":[{"href":"https:\/\/catolicanet.net\/wp-cnet\/wp-json\/wp\/v2\/posts"}],"about":[{"href":"https:\/\/catolicanet.net\/wp-cnet\/wp-json\/wp\/v2\/types\/post"}],"author":[{"embeddable":true,"href":"https:\/\/catolicanet.net\/wp-cnet\/wp-json\/wp\/v2\/users\/1"}],"replies":[{"embeddable":true,"href":"https:\/\/catolicanet.net\/wp-cnet\/wp-json\/wp\/v2\/comments?post=3569"}],"version-history":[{"count":1,"href":"https:\/\/catolicanet.net\/wp-cnet\/wp-json\/wp\/v2\/posts\/3569\/revisions"}],"predecessor-version":[{"id":7759,"href":"https:\/\/catolicanet.net\/wp-cnet\/wp-json\/wp\/v2\/posts\/3569\/revisions\/7759"}],"wp:attachment":[{"href":"https:\/\/catolicanet.net\/wp-cnet\/wp-json\/wp\/v2\/media?parent=3569"}],"wp:term":[{"taxonomy":"category","embeddable":true,"href":"https:\/\/catolicanet.net\/wp-cnet\/wp-json\/wp\/v2\/categories?post=3569"},{"taxonomy":"post_tag","embeddable":true,"href":"https:\/\/catolicanet.net\/wp-cnet\/wp-json\/wp\/v2\/tags?post=3569"}],"curies":[{"name":"wp","href":"https:\/\/api.w.org\/{rel}","templated":true}]}}