{"id":35682,"date":"2017-10-30T09:05:29","date_gmt":"2017-10-30T11:05:29","guid":{"rendered":"http:\/\/catolicanet.net\/wp-cnet\/?p=35682"},"modified":"2017-11-24T12:00:33","modified_gmt":"2017-11-24T14:00:33","slug":"sacerdote-conta-como-a-perseguicao-terrorista-do-boko-haram-reforcou-sua-vocacao","status":"publish","type":"post","link":"https:\/\/catolicanet.net\/wp-cnet\/sacerdote-conta-como-a-perseguicao-terrorista-do-boko-haram-reforcou-sua-vocacao\/","title":{"rendered":"Sacerdote conta como a persegui\u00e7\u00e3o terrorista do Boko Haram refor\u00e7ou sua voca\u00e7\u00e3o"},"content":{"rendered":"<p>Durante os anos que estava no semin\u00e1rio, Pe. Kevin, da Nig\u00e9ria, presenciou o massacre dos seus vizinhos nas m\u00e3os dos terroristas do Boko Haram, isso o levou a ter d\u00favidas e temores a respeito da sua voca\u00e7\u00e3o. Entretanto, gra\u00e7as \u00e0 colabora\u00e7\u00e3o da Funda\u00e7\u00e3o Pontif\u00edcia Ajuda \u00e0 Igreja que Sofre (ACN), ele seguiu adiante e agora assegura que deseja ser \u201cluz de Cristo e b\u00e1lsamo para os outros\u201d.<\/p>\n<p>A Nig\u00e9ria \u00e9 o pa\u00eds com mais \u00edndice de terrorismo na \u00c1frica e o terceiro no mundo. Nos \u00faltimos dois anos, 5 mil homens morreram devido os atentados do grupo terrorista isl\u00e2mico Boko Haram e, atualmente, entre os 19 estados do pa\u00eds, 12 est\u00e3o sob a \u2018sharia\u2019, ou seja, a lei isl\u00e2mica pela qual os crist\u00e3os s\u00e3o perseguidos.<\/p>\n<p>Pe. Kevin era seminarista na diocese de Kaduna (Nig\u00e9ria) em 2011. Quando voltava para casa depois de alguns dias de exerc\u00edcios espirituais, presenciou o massacre dos seus vizinhos nas m\u00e3os de Boko Haram.<\/p>\n<p>\u201cHavia terminado os meus exerc\u00edcios espirituais, estava feliz e estava voltando para casa para compartilhar com meus pais, familiares e amigos a minha experi\u00eancia no semin\u00e1rio, quando de repente vivi essa experi\u00eancia tr\u00e1gica. Mas Deus nos ajudou\u201d, recordou.<\/p>\n<p>\u201cEu e as minhas irm\u00e3s atravess\u00e1vamos uma zona de conflito onde havia povos enfrentados. Havia muito derramamento de sangue e est\u00e1vamos no meio desse conflito. Eu me perguntava como \u00edamos sair dessa situa\u00e7\u00e3o, quando havia terroristas massacrando as pessoas com um fac\u00e3o\u201d, declarou.<\/p>\n<p>Naquele ano, 800 pessoas foram assassinadas e outras 65 mil obrigadas a deixar suas casas na regi\u00e3o ocidental da Nig\u00e9ria.<\/p>\n<p>Al\u00e9m de ter medo de perder a sua vida, presenciar esse massacre afetou profundamente Kevin, que caiu em uma profunda crise de f\u00e9 e come\u00e7ou a duvidar da sua voca\u00e7\u00e3o. E decidiu falar com o seu diretor espiritual.<\/p>\n<p>\u201cEle me disse que nenhuma dificuldade deveria se tornar um obst\u00e1culo para mim, se eu sentia que Deus tinha me chamado para esta miss\u00e3o. Que o meu chamado ao sacerd\u00f3cio estava ligado \u00e0 persegui\u00e7\u00e3o e a aliviar a dor dos outros\u201d, recordou.<\/p>\n<p>Confiando nos planos de Deus para sua vida, Kevin continuou a sua forma\u00e7\u00e3o.<\/p>\n<p>O semin\u00e1rio de Kaduna, na Nig\u00e9ria, \u00e9 um dos que recebe o apoio econ\u00f4mico da Ajuda \u00e0 Igreja que Sofre, que nos \u00faltimos cinco anos destinou 258.960 euros para a forma\u00e7\u00e3o de seminaristas, religiosos e leigos nas regi\u00f5es mais atingidas pelo terrorismo do Boko Haram.<\/p>\n<p>Segundo explica a Funda\u00e7\u00e3o ACN, \u201cna persegui\u00e7\u00e3o, muitos seminaristas como Kevin, em vez de abandonar a sua voca\u00e7\u00e3o, se entregaram mais fielmente \u00e0 sua forma\u00e7\u00e3o sacerdotal e est\u00e3o mais conscientes do que nunca do verdadeiro significado da sua voca\u00e7\u00e3o\u201d.<\/p>\n<p>Agora, Pe. Kevin assegura que deseja ser \u201cluz de Cristo e b\u00e1lsamo para os outros\u201d. Porque \u201cquem sentiu o amor de Deus al\u00e9m das adversidades aprende a ter um olhar diferente transpassado pela gra\u00e7a da f\u00e9\u201d, disse \u00e0 ACN.<\/p>\n<p>Em toda a \u00c1frica, h\u00e1 aproximadamente 43 mil seminaristas, a Nig\u00e9ria \u00e9 o pa\u00eds com mais voca\u00e7\u00f5es ao sacerd\u00f3cio, onde atualmente h\u00e1 cerca de 5 mil.<\/p>\n<p>&nbsp;<\/p>\n<p>Fonte: Acidigital<\/p>\n","protected":false},"excerpt":{"rendered":"<p>Durante os anos que estava no semin\u00e1rio, Pe. Kevin, da Nig\u00e9ria, presenciou o massacre dos seus vizinhos nas m\u00e3os dos terroristas do Boko Haram, isso o levou a ter d\u00favidas e temores a respeito da sua voca\u00e7\u00e3o. Entretanto, gra\u00e7as \u00e0 colabora\u00e7\u00e3o da Funda\u00e7\u00e3o Pontif\u00edcia Ajuda \u00e0 Igreja que Sofre (ACN), ele seguiu adiante e agora [&hellip;]<\/p>\n","protected":false},"author":1,"featured_media":35683,"comment_status":"open","ping_status":"closed","sticky":false,"template":"","format":"standard","meta":{"footnotes":""},"categories":[4],"tags":[],"class_list":["post-35682","post","type-post","status-publish","format-standard","has-post-thumbnail","hentry","category-cotidiano"],"_links":{"self":[{"href":"https:\/\/catolicanet.net\/wp-cnet\/wp-json\/wp\/v2\/posts\/35682","targetHints":{"allow":["GET"]}}],"collection":[{"href":"https:\/\/catolicanet.net\/wp-cnet\/wp-json\/wp\/v2\/posts"}],"about":[{"href":"https:\/\/catolicanet.net\/wp-cnet\/wp-json\/wp\/v2\/types\/post"}],"author":[{"embeddable":true,"href":"https:\/\/catolicanet.net\/wp-cnet\/wp-json\/wp\/v2\/users\/1"}],"replies":[{"embeddable":true,"href":"https:\/\/catolicanet.net\/wp-cnet\/wp-json\/wp\/v2\/comments?post=35682"}],"version-history":[{"count":1,"href":"https:\/\/catolicanet.net\/wp-cnet\/wp-json\/wp\/v2\/posts\/35682\/revisions"}],"predecessor-version":[{"id":35684,"href":"https:\/\/catolicanet.net\/wp-cnet\/wp-json\/wp\/v2\/posts\/35682\/revisions\/35684"}],"wp:featuredmedia":[{"embeddable":true,"href":"https:\/\/catolicanet.net\/wp-cnet\/wp-json\/wp\/v2\/media\/35683"}],"wp:attachment":[{"href":"https:\/\/catolicanet.net\/wp-cnet\/wp-json\/wp\/v2\/media?parent=35682"}],"wp:term":[{"taxonomy":"category","embeddable":true,"href":"https:\/\/catolicanet.net\/wp-cnet\/wp-json\/wp\/v2\/categories?post=35682"},{"taxonomy":"post_tag","embeddable":true,"href":"https:\/\/catolicanet.net\/wp-cnet\/wp-json\/wp\/v2\/tags?post=35682"}],"curies":[{"name":"wp","href":"https:\/\/api.w.org\/{rel}","templated":true}]}}